{"id":5672,"date":"2015-05-05T15:20:31","date_gmt":"2015-05-05T14:20:31","guid":{"rendered":"http:\/\/2horizontes.com\/?p=5672"},"modified":"2015-05-05T15:20:31","modified_gmt":"2015-05-05T14:20:31","slug":"obama-pide-ampliar-las-oportunidades-sociales-para-evitar-tensiones-raciales","status":"publish","type":"post","link":"https:\/\/2horizontes.com\/?p=5672","title":{"rendered":"Obama pide ampliar las oportunidades sociales para evitar tensiones raciales"},"content":{"rendered":"<div id=\"ArticleAuthorDiv\" class=\"article-body-author\"><b>EFE<\/b><\/div>\n<div id=\"ArticleSourceDiv\" class=\"article-body-author\"><b>Nueva York<\/b><\/div>\n<div id=\"ArticleBody\">\n<p>El presidente de Estados Unidos, Barack Obama, abog\u00f3 ayer por ampliar las oportunidades educativas y sociales de los j\u00f3venes afroamericanos y latinos para eliminar las causas que han alimentado las \u00faltimas tensiones raciales.<\/p>\n<p>\u00abLas oportunidades que da la vida a cualquier joven de raza negra son peores que las de sus semejantes\u00bb, afirm\u00f3 Obama al lanzar hoy una alianza sin fines de lucro que busca extender las oportunidades de los ni\u00f1os y j\u00f3venes de bajos recursos y garantizar su educaci\u00f3n.<\/p>\n<p>Esas diferencias, dijo Obama en un acto que se celebr\u00f3 en el barrio neoyorquino del Bronx, \u00abhan alimentado algunas de las protestas que hemos visto en Baltimore, en Ferguson y aqu\u00ed en Nueva York\u00bb.<\/p>\n<p>\u00abEl catalizador de esas protestas fue la muerte tr\u00e1gica de j\u00f3venes y el sentimiento de que la ley no siempre se aplica de forma pareja en este pa\u00eds\u00bb a\u00f1adi\u00f3 el mandatario estadounidense.<\/p>\n<p>Obama aludi\u00f3 a la muerte de varias personas desde el a\u00f1o pasado por acciones policiales, que fueron seguidas por manifestaciones de protesta extendidas y que colocaron a las tensiones raciales en uno de los peores momentos en la historia reciente del pa\u00eds.<\/p>\n<p>El presidente estadounidense dijo que ser\u00eda una visi\u00f3n \u00abdemasiado estrecha\u00bb pensar que se resuelven estas tensiones pidiendo solo que los distintos cuerpos policiales trabajen con las minor\u00edas.<\/p>\n<p>\u00abSi pedimos a la polic\u00eda que simplemente contenga y controle los problemas que nosotros mismos hemos sido incapaces de atender y resolver, no es justo para las comunidades ni para la polic\u00eda\u00bb, a\u00f1adi\u00f3 Obama.<\/p>\n<p>El mandatario dijo que es necesario ir m\u00e1s all\u00e1 y buscar que \u00abla calidad de oportunidades no sea una palabra vac\u00eda\u00bb.<\/p>\n<p>Obama lanz\u00f3 hoy en el Lehman College del Bronx una alianza de empresas y organizaciones privadas que se encargar\u00e1 de apoyar su programa \u00abEl guardi\u00e1n de mi hermano\u00bb, una iniciativa que anunci\u00f3 el a\u00f1o pasado.<\/p>\n<p>Ese programa, que Obama pretende funcione m\u00e1s all\u00e1 de su mandato presidencial, que concluye en 2017, busca mejorar las oportunidades de ni\u00f1os y j\u00f3venes latinos y negros, m\u00e1s proclives al fracaso escolar y a la exclusi\u00f3n social.<\/p>\n<\/div>\n","protected":false},"excerpt":{"rendered":"<p>EFE Nueva York El presidente de Estados Unidos, Barack Obama, abog\u00f3 ayer por ampliar las oportunidades educativas y sociales de los j\u00f3venes afroamericanos y latinos para eliminar las causas que han alimentado las \u00faltimas tensiones raciales. \u00abLas oportunidades que da la vida a cualquier joven de raza negra son peores que las de sus semejantes\u00bb, [&hellip;]<\/p>\n","protected":false},"author":7,"featured_media":5673,"comment_status":"open","ping_status":"open","sticky":false,"template":"","format":"standard","meta":{"footnotes":""},"categories":[40],"tags":[],"class_list":["post-5672","post","type-post","status-publish","format-standard","has-post-thumbnail","hentry","category-internacionales"],"_links":{"self":[{"href":"https:\/\/2horizontes.com\/index.php?rest_route=\/wp\/v2\/posts\/5672","targetHints":{"allow":["GET"]}}],"collection":[{"href":"https:\/\/2horizontes.com\/index.php?rest_route=\/wp\/v2\/posts"}],"about":[{"href":"https:\/\/2horizontes.com\/index.php?rest_route=\/wp\/v2\/types\/post"}],"author":[{"embeddable":true,"href":"https:\/\/2horizontes.com\/index.php?rest_route=\/wp\/v2\/users\/7"}],"replies":[{"embeddable":true,"href":"https:\/\/2horizontes.com\/index.php?rest_route=%2Fwp%2Fv2%2Fcomments&post=5672"}],"version-history":[{"count":1,"href":"https:\/\/2horizontes.com\/index.php?rest_route=\/wp\/v2\/posts\/5672\/revisions"}],"predecessor-version":[{"id":5674,"href":"https:\/\/2horizontes.com\/index.php?rest_route=\/wp\/v2\/posts\/5672\/revisions\/5674"}],"wp:featuredmedia":[{"embeddable":true,"href":"https:\/\/2horizontes.com\/index.php?rest_route=\/wp\/v2\/media\/5673"}],"wp:attachment":[{"href":"https:\/\/2horizontes.com\/index.php?rest_route=%2Fwp%2Fv2%2Fmedia&parent=5672"}],"wp:term":[{"taxonomy":"category","embeddable":true,"href":"https:\/\/2horizontes.com\/index.php?rest_route=%2Fwp%2Fv2%2Fcategories&post=5672"},{"taxonomy":"post_tag","embeddable":true,"href":"https:\/\/2horizontes.com\/index.php?rest_route=%2Fwp%2Fv2%2Ftags&post=5672"}],"curies":[{"name":"wp","href":"https:\/\/api.w.org\/{rel}","templated":true}]}}