{"id":56545,"date":"2016-08-31T18:25:43","date_gmt":"2016-08-31T17:25:43","guid":{"rendered":"http:\/\/2horizontes.com\/?p=56545"},"modified":"2016-08-31T18:25:43","modified_gmt":"2016-08-31T17:25:43","slug":"diosdado-cabello-lo-que-si-es-seguro-es-que-no-nos-vamos-a-dejar-tumbar","status":"publish","type":"post","link":"https:\/\/2horizontes.com\/?p=56545","title":{"rendered":"Diosdado Cabello: \u00abLo que si es seguro es que no nos vamos a dejar tumbar\u00bb"},"content":{"rendered":"<p>El primer vicepresidente del PSUV, Diosdado Cabello, asegur\u00f3 hoy en una marcha realizada en Los Valles del Tuy, estado Miranda, que el pueblo amanecer\u00e1 en la calle para defender la revoluci\u00f3n.<\/p>\n<p>\u201cSi la derecha nos busca ma\u00f1ana; si para ma\u00f1ana dicen ellos que es el \u2018d\u00eda final\u2019, que se acaba la revoluci\u00f3n, nos van a encontrar en la calle defendiendo la revoluci\u00f3n, defendiendo la paz\u201d, asegur\u00f3.<\/p>\n<p>El parlamentario, asegur\u00f3 que si la oposici\u00f3n dice que \u201ctrancar\u00e1 Caracas\u201d, ellos har\u00e1n lo mismo. \u201cNo nos provoquen a nosotros. No solo vamos a trancar Caracas para que nadie entre, sino que vamos a trancar Caracas para que nadie salga\u201d, destac\u00f3.<\/p>\n<p>Cabello afirm\u00f3 que \u201cel pueblo revolucionario\u201d estar\u00e1 ma\u00f1ana en la calle. \u201cLo que s\u00ed es seguro es que no nos vamos a dejar tumbar. Lo que s\u00ed es seguro es que vamos pa\u2019 la calle. Estamos con Maduro y estamos con Ch\u00e1vez\u201d.<\/p>\n","protected":false},"excerpt":{"rendered":"<p>El primer vicepresidente del PSUV, Diosdado Cabello, asegur\u00f3 hoy en una marcha realizada en Los Valles del Tuy, estado Miranda, que el pueblo amanecer\u00e1 en la calle para defender la revoluci\u00f3n. \u201cSi la derecha nos busca ma\u00f1ana; si para ma\u00f1ana dicen ellos que es el \u2018d\u00eda final\u2019, que se acaba la revoluci\u00f3n, nos van a [&hellip;]<\/p>\n","protected":false},"author":13240,"featured_media":56547,"comment_status":"open","ping_status":"open","sticky":false,"template":"","format":"standard","meta":{"footnotes":""},"categories":[40,43,48],"tags":[],"class_list":["post-56545","post","type-post","status-publish","format-standard","has-post-thumbnail","hentry","category-internacionales","category-politica","category-venezuela"],"_links":{"self":[{"href":"https:\/\/2horizontes.com\/index.php?rest_route=\/wp\/v2\/posts\/56545","targetHints":{"allow":["GET"]}}],"collection":[{"href":"https:\/\/2horizontes.com\/index.php?rest_route=\/wp\/v2\/posts"}],"about":[{"href":"https:\/\/2horizontes.com\/index.php?rest_route=\/wp\/v2\/types\/post"}],"author":[{"embeddable":true,"href":"https:\/\/2horizontes.com\/index.php?rest_route=\/wp\/v2\/users\/13240"}],"replies":[{"embeddable":true,"href":"https:\/\/2horizontes.com\/index.php?rest_route=%2Fwp%2Fv2%2Fcomments&post=56545"}],"version-history":[{"count":1,"href":"https:\/\/2horizontes.com\/index.php?rest_route=\/wp\/v2\/posts\/56545\/revisions"}],"predecessor-version":[{"id":56548,"href":"https:\/\/2horizontes.com\/index.php?rest_route=\/wp\/v2\/posts\/56545\/revisions\/56548"}],"wp:featuredmedia":[{"embeddable":true,"href":"https:\/\/2horizontes.com\/index.php?rest_route=\/wp\/v2\/media\/56547"}],"wp:attachment":[{"href":"https:\/\/2horizontes.com\/index.php?rest_route=%2Fwp%2Fv2%2Fmedia&parent=56545"}],"wp:term":[{"taxonomy":"category","embeddable":true,"href":"https:\/\/2horizontes.com\/index.php?rest_route=%2Fwp%2Fv2%2Fcategories&post=56545"},{"taxonomy":"post_tag","embeddable":true,"href":"https:\/\/2horizontes.com\/index.php?rest_route=%2Fwp%2Fv2%2Ftags&post=56545"}],"curies":[{"name":"wp","href":"https:\/\/api.w.org\/{rel}","templated":true}]}}