{"id":56535,"date":"2016-08-31T17:58:06","date_gmt":"2016-08-31T16:58:06","guid":{"rendered":"http:\/\/2horizontes.com\/?p=56535"},"modified":"2016-08-31T17:59:46","modified_gmt":"2016-08-31T16:59:46","slug":"rousseff-fue-destituida-de-la-presidencia-de-brasil","status":"publish","type":"post","link":"https:\/\/2horizontes.com\/?p=56535","title":{"rendered":"Rousseff fue destituida de la Presidencia de Brasil"},"content":{"rendered":"<p>BRASIL.- El Senado brasile\u00f1o destituy\u00f3 hoy a la presidenta Dilma Rousseff por 61 votos a favor y 20 en contra. Esta decisi\u00f3n tambi\u00e9n confirma que Michel Temer continuar\u00e1 como mandatario hasta el 1 de enero de 2019.<\/p>\n<p>La decisi\u00f3n supone el fin de un tr\u00e1mite que comenz\u00f3 en diciembre pasado en el Parlamento y fue supervisado en cada uno de sus pasos por la Corte Suprema, como garante constitucional de un juicio que\u00a0<span class=\"classCadenaBusqueda\">Rousseff<\/span>, condenada por graves irregularidades fiscales, califica de \u00abgolpe\u00bb.<\/p>\n","protected":false},"excerpt":{"rendered":"<p>BRASIL.- El Senado brasile\u00f1o destituy\u00f3 hoy a la presidenta Dilma Rousseff por 61 votos a favor y 20 en contra. Esta decisi\u00f3n tambi\u00e9n confirma que Michel Temer continuar\u00e1 como mandatario hasta el 1 de enero de 2019. La decisi\u00f3n supone el fin de un tr\u00e1mite que comenz\u00f3 en diciembre pasado en el Parlamento y fue [&hellip;]<\/p>\n","protected":false},"author":13240,"featured_media":56536,"comment_status":"open","ping_status":"open","sticky":false,"template":"","format":"standard","meta":{"footnotes":""},"categories":[40,43],"tags":[],"class_list":["post-56535","post","type-post","status-publish","format-standard","has-post-thumbnail","hentry","category-internacionales","category-politica"],"_links":{"self":[{"href":"https:\/\/2horizontes.com\/index.php?rest_route=\/wp\/v2\/posts\/56535","targetHints":{"allow":["GET"]}}],"collection":[{"href":"https:\/\/2horizontes.com\/index.php?rest_route=\/wp\/v2\/posts"}],"about":[{"href":"https:\/\/2horizontes.com\/index.php?rest_route=\/wp\/v2\/types\/post"}],"author":[{"embeddable":true,"href":"https:\/\/2horizontes.com\/index.php?rest_route=\/wp\/v2\/users\/13240"}],"replies":[{"embeddable":true,"href":"https:\/\/2horizontes.com\/index.php?rest_route=%2Fwp%2Fv2%2Fcomments&post=56535"}],"version-history":[{"count":2,"href":"https:\/\/2horizontes.com\/index.php?rest_route=\/wp\/v2\/posts\/56535\/revisions"}],"predecessor-version":[{"id":56540,"href":"https:\/\/2horizontes.com\/index.php?rest_route=\/wp\/v2\/posts\/56535\/revisions\/56540"}],"wp:featuredmedia":[{"embeddable":true,"href":"https:\/\/2horizontes.com\/index.php?rest_route=\/wp\/v2\/media\/56536"}],"wp:attachment":[{"href":"https:\/\/2horizontes.com\/index.php?rest_route=%2Fwp%2Fv2%2Fmedia&parent=56535"}],"wp:term":[{"taxonomy":"category","embeddable":true,"href":"https:\/\/2horizontes.com\/index.php?rest_route=%2Fwp%2Fv2%2Fcategories&post=56535"},{"taxonomy":"post_tag","embeddable":true,"href":"https:\/\/2horizontes.com\/index.php?rest_route=%2Fwp%2Fv2%2Ftags&post=56535"}],"curies":[{"name":"wp","href":"https:\/\/api.w.org\/{rel}","templated":true}]}}