{"id":56506,"date":"2016-08-31T11:25:46","date_gmt":"2016-08-31T10:25:46","guid":{"rendered":"http:\/\/2horizontes.com\/?p=56506"},"modified":"2016-08-31T11:25:46","modified_gmt":"2016-08-31T10:25:46","slug":"corea-del-norte-ejecuta-a-un-alto-funcionario-de-educacion-segun-seul","status":"publish","type":"post","link":"https:\/\/2horizontes.com\/?p=56506","title":{"rendered":"Corea del Norte ejecuta a un alto funcionario de educaci\u00f3n, seg\u00fan Se\u00fal"},"content":{"rendered":"<p><strong>Corea del Norte<\/strong><\/p>\n<p><span class=\"goog-text-highlight\"><strong>(CNN) &#8211;<\/strong> Corea del Norte ha ejecutado a un alto funcionario de educaci\u00f3n, dijo el mi\u00e9rcoles el Ministerio de Unificaci\u00f3n de Corea del Sur.<\/span><\/p>\n<p>El portavoz del Ministerio de Unificaci\u00f3n Jeong Joon Hee confirm\u00f3 en una conferencia de prensa\u00a0la ejecuci\u00f3n de\u00a0Kim Yong Jin.<span id=\"more-316845\"><\/span><\/p>\n<div class=\"ym-wrapper\">Otros dos funcionarios, Kim Yong Chol, jefe del Departamento del Frente Unido de Corea del Norte (UFD), y un alto miembro del departamento de propaganda norcoreano\u00a0recibieron \u00abmedidas revolucionarias\u00bb, com\u00fanmente conocidas como reeducaci\u00f3n, seg\u00fan el portavoz.<\/div>\n<p>No hubo m\u00e1s detalles disponibles inmediatamente.<\/p>\n<p>Las ejecuciones son consideradas como una herramienta pol\u00edtica para el l\u00edder de Corea del Norte, Kim Jong Un, para consolidar su posici\u00f3n en el poder.<\/p>\n<p>En mayo de 2015, el ministro de defensa del pa\u00eds, Hyon Yong-chol, fue ejecutado\u00a0despu\u00e9s de haber sido acusado de traici\u00f3n.<\/p>\n<p>Dos a\u00f1os antes, el t\u00edo de Kim, Jang Song-thaek, fue ejecutado despu\u00e9s de tambi\u00e9n haber sido calificado de \u00abtraidor\u00bb.<\/p>\n","protected":false},"excerpt":{"rendered":"<p>Corea del Norte (CNN) &#8211; Corea del Norte ha ejecutado a un alto funcionario de educaci\u00f3n, dijo el mi\u00e9rcoles el Ministerio de Unificaci\u00f3n de Corea del Sur. El portavoz del Ministerio de Unificaci\u00f3n Jeong Joon Hee confirm\u00f3 en una conferencia de prensa\u00a0la ejecuci\u00f3n de\u00a0Kim Yong Jin. Otros dos funcionarios, Kim Yong Chol, jefe del Departamento [&hellip;]<\/p>\n","protected":false},"author":7,"featured_media":56507,"comment_status":"open","ping_status":"open","sticky":false,"template":"","format":"standard","meta":{"footnotes":""},"categories":[40,43],"tags":[],"class_list":["post-56506","post","type-post","status-publish","format-standard","has-post-thumbnail","hentry","category-internacionales","category-politica"],"_links":{"self":[{"href":"https:\/\/2horizontes.com\/index.php?rest_route=\/wp\/v2\/posts\/56506","targetHints":{"allow":["GET"]}}],"collection":[{"href":"https:\/\/2horizontes.com\/index.php?rest_route=\/wp\/v2\/posts"}],"about":[{"href":"https:\/\/2horizontes.com\/index.php?rest_route=\/wp\/v2\/types\/post"}],"author":[{"embeddable":true,"href":"https:\/\/2horizontes.com\/index.php?rest_route=\/wp\/v2\/users\/7"}],"replies":[{"embeddable":true,"href":"https:\/\/2horizontes.com\/index.php?rest_route=%2Fwp%2Fv2%2Fcomments&post=56506"}],"version-history":[{"count":1,"href":"https:\/\/2horizontes.com\/index.php?rest_route=\/wp\/v2\/posts\/56506\/revisions"}],"predecessor-version":[{"id":56508,"href":"https:\/\/2horizontes.com\/index.php?rest_route=\/wp\/v2\/posts\/56506\/revisions\/56508"}],"wp:featuredmedia":[{"embeddable":true,"href":"https:\/\/2horizontes.com\/index.php?rest_route=\/wp\/v2\/media\/56507"}],"wp:attachment":[{"href":"https:\/\/2horizontes.com\/index.php?rest_route=%2Fwp%2Fv2%2Fmedia&parent=56506"}],"wp:term":[{"taxonomy":"category","embeddable":true,"href":"https:\/\/2horizontes.com\/index.php?rest_route=%2Fwp%2Fv2%2Fcategories&post=56506"},{"taxonomy":"post_tag","embeddable":true,"href":"https:\/\/2horizontes.com\/index.php?rest_route=%2Fwp%2Fv2%2Ftags&post=56506"}],"curies":[{"name":"wp","href":"https:\/\/api.w.org\/{rel}","templated":true}]}}