{"id":56485,"date":"2016-08-31T11:08:40","date_gmt":"2016-08-31T10:08:40","guid":{"rendered":"http:\/\/2horizontes.com\/?p=56485"},"modified":"2016-08-31T11:09:04","modified_gmt":"2016-08-31T10:09:04","slug":"creman-los-restos-del-cantante-juan-gabriel-y-su-familia-anuncia-homenaje-en-ciudad-juarez","status":"publish","type":"post","link":"https:\/\/2horizontes.com\/?p=56485","title":{"rendered":"Creman los restos del cantante Juan Gabriel y su familia anuncia homenaje en Ciudad Ju\u00e1rez"},"content":{"rendered":"<p class=\"story-body__introduction\">Desde que se supo de su muerte una de las preguntas m\u00e1s repetidas en M\u00e9xico fue: \u00bfd\u00f3nde descansar\u00e1n los restos del cantante Juan Gabriel?<\/p>\n<p>Pero todav\u00eda no hay respuesta. BBC Mundo confirm\u00f3 que el cuerpo del artista fue cremado en Estados Unidos por decisi\u00f3n de su familia.<\/p>\n<ul class=\"story-body__unordered-list\">\n<li class=\"story-body__list-item\">C\u00f3mo se convirti\u00f3 Juan Gabriel en el mexicano m\u00e1s cantado del mundo<\/li>\n<\/ul>\n<p>No est\u00e1 claro el sitio ni el momento donde fue la ceremonia privada. Algunos medios mexicanos dicen que ocurri\u00f3 la noche del lunes 29 de agosto en Los \u00c1ngeles, California.<\/p>\n<p><strong>Las cenizas siguen en <\/strong><strong>EE.UU.<\/strong><strong> aunque este fin de semana se realizar\u00e1 un homenaje en Ciudad Ju\u00e1rez, Chihuahua, <\/strong><strong>el lugar <\/strong><strong>donde el cantante vivi\u00f3 su infancia y adolescencia<\/strong>, seg\u00fan inform\u00f3 la familia en un comunicado.<\/p>\n<p>El presidente Enrique Pe\u00f1a Nieto hab\u00eda ordenado que se preparase un homenaje nacional en el Palacio de Bellas Artes, el principal recinto cultural del pa\u00eds.<\/p>\n<ul class=\"story-body__unordered-list\">\n<li class=\"story-body__list-item\">Adi\u00f3s, Juan Gabriel: reacciones por la muerte de \u00abEl Divo de Ju\u00e1rez\u00bb<\/li>\n<\/ul>\n<p>Pero los hijos del cantante a\u00fan no toman una decisi\u00f3n ante la oferta, le dijo a BBC Mundo Roberto Perea, vocero del Instituto Nacional de Bellas Artes (INBA).<\/p>\n<p>\u00abEstamos a la espera de saber si habr\u00e1 un homenaje. No lo han descartado, est\u00e1n por tomar una decisi\u00f3n\u00bb, indic\u00f3.<\/p>\n<h2 class=\"story-body__crosshead\">Versiones encontradas<\/h2>\n<p>Juan Gabriel, el artista m\u00e1s cantado de M\u00e9xico, muri\u00f3 de un ataque al coraz\u00f3n la ma\u00f1ana del domingo 28 de agosto en su casa de Santa Ana, California.<\/p>\n<p>El cuerpo permaneci\u00f3 casi todo el d\u00eda en el lugar, hasta que fue trasladado a la morgue de Los \u00c1ngeles.<\/p>\n<figure class=\"media-landscape has-caption full-width\"><span class=\"image-and-copyright-container\"><img loading=\"lazy\" decoding=\"async\" class=\"responsive-image__img js-image-replace\" src=\"http:\/\/ichef-1.bbci.co.uk\/news\/624\/cpsprodpb\/16357\/production\/_90976909_e2bccc4e-180e-4256-8e12-59a4ffb1c27c.jpg\" alt=\"Fans de Juan Gabriel\" width=\"976\" height=\"549\" data-highest-encountered-width=\"624\" \/><span class=\"off-screen\">Image copyright<\/span><span class=\"story-image-copyright\">REUTERS<\/span><\/span><figcaption class=\"media-caption\"><span class=\"off-screen\">Image caption<\/span><span class=\"media-caption__text\">Los fans del cantante esperan la llegada de sus cenizas a M\u00e9xico.<\/span><\/figcaption><\/figure>\n<p>Al principio se inform\u00f3 que el cantante permanecer\u00eda varios d\u00edas en el sitio, mientras se realizaban los tr\u00e1mites legales necesarios para un eventual traslado a M\u00e9xico.<\/p>\n<p>Pero repentinamente la tarde del lunes 29 una carroza y dos camionetas negras se enfilaron al aeropuerto.<\/p>\n<ul class=\"story-body__unordered-list\">\n<li class=\"story-body__list-item\">11 canciones que llevaron a Juan Gabriel a convertirse en un \u00e9xito en Am\u00e9rica Latina<\/li>\n<\/ul>\n<p>Medios estadunidenses dijeron que en el cortejo viajaba el cuerpo del cantante. En M\u00e9xico se prepar\u00f3 incluso una recepci\u00f3n en el aeropuerto de Toluca, cerca de la capital del pa\u00eds.<\/p>\n<p>Pero Juan Gabriel no lleg\u00f3. A lo largo del martes hubo varias versiones sobre el destino del artista.<\/p>\n<p><strong>Los alcaldes de Ciudad Ju\u00e1rez y Par\u00e1cuaro<\/strong><strong> (<\/strong><strong>Michoac\u00e1n<\/strong><strong>),<\/strong><strong> donde naci\u00f3, reclamaron que el cantante descansara en sus municipios<\/strong>.<\/p>\n<p>Y el alcalde de Ciudad de M\u00e9xico, Miguel \u00c1ngel Mancera, orden\u00f3 tambi\u00e9n un homenaje especial en la plaza central de la capital.<\/p>\n<p>Pero ninguna de las ceremonias est\u00e1 confirmada.<\/p>\n<figure class=\"media-landscape has-caption full-width\"><span class=\"image-and-copyright-container\"><img loading=\"lazy\" decoding=\"async\" class=\"responsive-image__img js-image-replace\" src=\"http:\/\/ichef-1.bbci.co.uk\/news\/624\/cpsprodpb\/2EBF\/production\/_90976911_c3e165c6-36e1-45b0-a678-ce42a75e6049.jpg\" alt=\"Estatua de Juan Gabriel\" width=\"976\" height=\"549\" data-highest-encountered-width=\"624\" \/><span class=\"off-screen\">Image copyright<\/span><span class=\"story-image-copyright\">AFP<\/span><\/span><figcaption class=\"media-caption\"><span class=\"off-screen\">Image caption<\/span><span class=\"media-caption__text\">Los admiradores fueron a despedirse del artista en la Plaza Garibaldi, de Ciudad de M\u00e9xico, donde hay una estatua en su honor.<\/span><\/figcaption><\/figure>\n<p><strong>S<\/strong><strong>i<\/strong><strong> la familia acepta la ceremonia en el Palacio de Bellas Artes ser\u00eda igual al que se <\/strong><strong>realiz\u00f3<\/strong><strong> al escritor <\/strong><strong>colombiano <\/strong><strong>Gabriel Garc\u00eda M\u00e1rquez, dijo el vocero el INBA<\/strong>.<\/p>\n<p>Es decir, las cenizas reposar\u00edan en el vest\u00edbulo del recinto y se permitir\u00eda la entrada al p\u00fablico para que le rindan homenaje.<\/p>\n<ul class=\"story-body__unordered-list\">\n<li class=\"story-body__list-item\">El primer adi\u00f3s a Juan Gabriel: as\u00ed se despidieron del Divo de Ju\u00e1rez antes de su traslado a M\u00e9xico sus fan\u00e1ticas en Los \u00c1ngeles<\/li>\n<\/ul>\n<p>No est\u00e1 claro el tiempo que durar\u00eda la ceremonia. \u00abDepende de la familia\u00bb, dijo el vocero.<\/p>\n","protected":false},"excerpt":{"rendered":"<p>Desde que se supo de su muerte una de las preguntas m\u00e1s repetidas en M\u00e9xico fue: \u00bfd\u00f3nde descansar\u00e1n los restos del cantante Juan Gabriel? Pero todav\u00eda no hay respuesta. BBC Mundo confirm\u00f3 que el cuerpo del artista fue cremado en Estados Unidos por decisi\u00f3n de su familia. C\u00f3mo se convirti\u00f3 Juan Gabriel en el mexicano [&hellip;]<\/p>\n","protected":false},"author":4,"featured_media":56489,"comment_status":"open","ping_status":"open","sticky":false,"template":"","format":"standard","meta":{"footnotes":""},"categories":[1,40],"tags":[],"class_list":["post-56485","post","type-post","status-publish","format-standard","has-post-thumbnail","hentry","category-entretenimiento","category-internacionales"],"_links":{"self":[{"href":"https:\/\/2horizontes.com\/index.php?rest_route=\/wp\/v2\/posts\/56485","targetHints":{"allow":["GET"]}}],"collection":[{"href":"https:\/\/2horizontes.com\/index.php?rest_route=\/wp\/v2\/posts"}],"about":[{"href":"https:\/\/2horizontes.com\/index.php?rest_route=\/wp\/v2\/types\/post"}],"author":[{"embeddable":true,"href":"https:\/\/2horizontes.com\/index.php?rest_route=\/wp\/v2\/users\/4"}],"replies":[{"embeddable":true,"href":"https:\/\/2horizontes.com\/index.php?rest_route=%2Fwp%2Fv2%2Fcomments&post=56485"}],"version-history":[{"count":2,"href":"https:\/\/2horizontes.com\/index.php?rest_route=\/wp\/v2\/posts\/56485\/revisions"}],"predecessor-version":[{"id":56492,"href":"https:\/\/2horizontes.com\/index.php?rest_route=\/wp\/v2\/posts\/56485\/revisions\/56492"}],"wp:featuredmedia":[{"embeddable":true,"href":"https:\/\/2horizontes.com\/index.php?rest_route=\/wp\/v2\/media\/56489"}],"wp:attachment":[{"href":"https:\/\/2horizontes.com\/index.php?rest_route=%2Fwp%2Fv2%2Fmedia&parent=56485"}],"wp:term":[{"taxonomy":"category","embeddable":true,"href":"https:\/\/2horizontes.com\/index.php?rest_route=%2Fwp%2Fv2%2Fcategories&post=56485"},{"taxonomy":"post_tag","embeddable":true,"href":"https:\/\/2horizontes.com\/index.php?rest_route=%2Fwp%2Fv2%2Ftags&post=56485"}],"curies":[{"name":"wp","href":"https:\/\/api.w.org\/{rel}","templated":true}]}}