{"id":56448,"date":"2016-08-31T10:50:03","date_gmt":"2016-08-31T09:50:03","guid":{"rendered":"http:\/\/2horizontes.com\/?p=56448"},"modified":"2016-08-31T10:50:03","modified_gmt":"2016-08-31T09:50:03","slug":"rajoy-a-sanchez-he-entendido-perfectamente-todas-las-partes-del-no","status":"publish","type":"post","link":"https:\/\/2horizontes.com\/?p=56448","title":{"rendered":"Rajoy a S\u00e1nchez: \u201cHe entendido perfectamente todas las partes del no"},"content":{"rendered":"<p>Tenga la certeza absoluta de que ya he entendido perfectamente todas las partes del no\u201d. Con esta frase, pronunciada por Mariano Rajoy en el inicio de su r\u00e9plica al secretario general del PSOE, Pedro S\u00e1nchez , demostr\u00f3 que el presidente del Gobierno en funciones ha asumido que no saldr\u00e1 investido, como era de prever desde que el l\u00edder socialista le reiterar\u00e1 su no a su elecci\u00f3n.<\/p>\n<p>Ante esa constataci\u00f3n y la dureza del discurso de S\u00e1nchez, una aut\u00e9ntica enmienda a la totalidad del gobierno del PP, como \u00e9l mismo dijo, a Rajoy le quedaba o ir a deg\u00fcello contra Pedro S\u00e1nchez, o responder a la cr\u00edtica con amabilidad, en espera de que una peque\u00f1a posibilidad le permita contar la abstenci\u00f3n del PSOE, de aqu\u00ed al 30 de octubre, cuando se convocar\u00edan las pr\u00f3ximas elecciones. Y Rajoy opt\u00f3 por la cr\u00edtica amable, por la sorna, por la sonrisa, que arranc\u00f3 a m\u00e1s de un diputado, m\u00e1s de sus filas que de las dem\u00e1s.<\/p>\n<p>Comenz\u00f3 justificando que no hiciera sangre con \u00e9l, porque le est\u00e1 pidiendo su colaboraci\u00f3n, lo que no le permite dedicarle los calificativos que normalmente le dedica. Pero las cr\u00edticas no dej\u00f3 de hacerlas: \u201cQuiere bloquear, y lo dem\u00e1s es para justificarlo\u201d e incluso le espet\u00f3 que \u201csi su opini\u00f3n sobre el PP y sobre mi persona y el gobierno que presido es que somos la quintaesencia de todos los males, teniendo 52 esca\u00f1os m\u00e1s que usted, puede explicar qu\u00e9 opina de su ejecutoria al frente del Partido Socialista\u201d. Y a\u00f1adi\u00f3: \u201cSi sus juicios son los que he escuchado aqu\u00ed, queda usted en muy mal lugar, porque si yo soy tan malo, cu\u00e1nto de malo es usted, p\u00e9simo\u201d, y pensando en la consecuencia de ese bloqueo, las elecciones, le advirti\u00f3 que \u201chay una mayor\u00eda e espa\u00f1oles no est\u00e1n de acuerdo con ese bloqueo y con que haya nuevas elecciones\u201d.<\/p>\n","protected":false},"excerpt":{"rendered":"<p>Tenga la certeza absoluta de que ya he entendido perfectamente todas las partes del no\u201d. Con esta frase, pronunciada por Mariano Rajoy en el inicio de su r\u00e9plica al secretario general del PSOE, Pedro S\u00e1nchez , demostr\u00f3 que el presidente del Gobierno en funciones ha asumido que no saldr\u00e1 investido, como era de prever desde [&hellip;]<\/p>\n","protected":false},"author":3,"featured_media":56450,"comment_status":"open","ping_status":"open","sticky":false,"template":"","format":"standard","meta":{"footnotes":""},"categories":[85,43],"tags":[],"class_list":["post-56448","post","type-post","status-publish","format-standard","has-post-thumbnail","hentry","category-espana","category-politica"],"_links":{"self":[{"href":"https:\/\/2horizontes.com\/index.php?rest_route=\/wp\/v2\/posts\/56448","targetHints":{"allow":["GET"]}}],"collection":[{"href":"https:\/\/2horizontes.com\/index.php?rest_route=\/wp\/v2\/posts"}],"about":[{"href":"https:\/\/2horizontes.com\/index.php?rest_route=\/wp\/v2\/types\/post"}],"author":[{"embeddable":true,"href":"https:\/\/2horizontes.com\/index.php?rest_route=\/wp\/v2\/users\/3"}],"replies":[{"embeddable":true,"href":"https:\/\/2horizontes.com\/index.php?rest_route=%2Fwp%2Fv2%2Fcomments&post=56448"}],"version-history":[{"count":1,"href":"https:\/\/2horizontes.com\/index.php?rest_route=\/wp\/v2\/posts\/56448\/revisions"}],"predecessor-version":[{"id":56451,"href":"https:\/\/2horizontes.com\/index.php?rest_route=\/wp\/v2\/posts\/56448\/revisions\/56451"}],"wp:featuredmedia":[{"embeddable":true,"href":"https:\/\/2horizontes.com\/index.php?rest_route=\/wp\/v2\/media\/56450"}],"wp:attachment":[{"href":"https:\/\/2horizontes.com\/index.php?rest_route=%2Fwp%2Fv2%2Fmedia&parent=56448"}],"wp:term":[{"taxonomy":"category","embeddable":true,"href":"https:\/\/2horizontes.com\/index.php?rest_route=%2Fwp%2Fv2%2Fcategories&post=56448"},{"taxonomy":"post_tag","embeddable":true,"href":"https:\/\/2horizontes.com\/index.php?rest_route=%2Fwp%2Fv2%2Ftags&post=56448"}],"curies":[{"name":"wp","href":"https:\/\/api.w.org\/{rel}","templated":true}]}}