{"id":56343,"date":"2016-08-29T11:14:28","date_gmt":"2016-08-29T10:14:28","guid":{"rendered":"http:\/\/2horizontes.com\/?p=56343"},"modified":"2016-08-29T11:14:28","modified_gmt":"2016-08-29T10:14:28","slug":"15-datos-que-no-sabias-de-juan-gabriel","status":"publish","type":"post","link":"https:\/\/2horizontes.com\/?p=56343","title":{"rendered":"15 datos que no sab\u00edas de Juan Gabriel"},"content":{"rendered":"<p><strong>M\u00e9xico<\/strong><\/p>\n<p><strong>(CNN Espa\u00f1ol) \u2013<\/strong>\u00a0Con su muerte, el compositor mexicano deja un legado musical inmenso a M\u00e9xico e Iberoam\u00e9rica. Aqu\u00ed te dejamos algunos datos que, tal vez, no conoc\u00edas del querido cantautor.<\/p>\n<p>1. Era conocido como Juan Gabriel, pero su verdadero nombre fue Alberto Aguilera Valadez.<\/p>\n<div class=\"ym-wrapper\"><\/div>\n<p>2. Se le conoc\u00eda como \u00abEl Divo de Ju\u00e1rez\u00bb aunque en realidad, Juan Gabriel naci\u00f3 en Par\u00e1cuaro, Michoac\u00e1n.<\/p>\n<p>3.Como cantante, vendi\u00f3 m\u00e1s de 100 millones de \u00e1lbumes y como compositor escribi\u00f3 m\u00e1s de 1.800 canciones, seg\u00fan datos\u00a0de la\u00a0Academia Latina de Artes y Ciencias de la Grabaci\u00f3n.<\/p>\n<p>4.\u00a0Su m\u00fasica lleg\u00f3 a grandes escenarios, entre ellos al Palacio de Bellas Artes, al Auditorio Nacional, el Estadio Azteca y al Festival Vi\u00f1a del Mar.<\/p>\n<p>5. Al llegar a la Ciudad de M\u00e9xico, &#8216;JuanGa&#8217; fue acusado de robo sin pruebas y pas\u00f3 un a\u00f1o y medio en la c\u00e1rcel .<\/p>\n<p>6. \u00abEl \u00e9xito es haber nacido\u00bb, le dijo alguna vez a la conductora de CNN, Patricia Ramos, en una entrevista cuando la periodista le pregunt\u00f3: \u00ab\u00bfQu\u00e9 era el \u00e9xito?\u00bb.<\/p>\n<p>7. Juan Gabriel dijo que su primera canci\u00f3n fue escrita a los 13 a\u00f1os de edad y se titulaba \u00abLa muerte del Palomo\u00bb.<\/p>\n<p>8. El &#8216;Divo&#8217; actu\u00f3 en el cine mexicano con pel\u00edculas como \u00abNobleza Ranchera\u00bb (1975), \u00abEn Esta Primavera\u00bb y \u00abNoa Noa\u00bb (1980).<\/p>\n<p>9. El cantante tiene dos d\u00edas dedicados a su talento, el 17 de diciembre, en Las Vegas, y el 5 de octubre en Los \u00c1ngeles.<\/p>\n<p>10. Su muerte se da en el mismo d\u00eda de la transmisi\u00f3n del cap\u00edtulo final de la serie sobre su vida, difundida por Televisi\u00f3n Azteca.<\/p>\n<p>11. Su \u00faltimo video fue un cover de la canci\u00f3n\u00a0\u201cHave You Ever Seen The Rain\u201d de Creedence.<\/p>\n<p><span class=\"embed-youtube\"><\/span><\/p>\n<p>12. Sus canciones han sido traducidas, \u00abal japon\u00e9s, al italiano, franc\u00e9s, alem\u00e1n\u00bb, record\u00f3 el secretario de Cultura, Rafael Tovar y de Teresa.<\/p>\n<p>13.\u00a0M\u00e1s de 1.500 artistas de todo el mundo han cantado sus canciones, \u00abes parte de nuestra idiosincrasia y parte de nuestra identidad\u00bb, dijo Tovar y de Teresa.<\/p>\n<p>14. En 2013, Juan Gabriel cant\u00f3 en el cumplea\u00f1os del presidente de Venezuela, Nicol\u00e1s Maduro causando controversia.<\/p>\n<p>El mandatario lament\u00f3 la p\u00e9rdida a trav\u00e9s de Twitter.<\/p>\n<div class=\"embed-twitter\">\n<div class=\"SandboxRoot env-bp-350\">\n<div id=\"twitter-widget-0\" class=\"EmbeddedTweet EmbeddedTweet--mediaForward media-forward js-clickToOpenTarget js-tweetIdInfo\" lang=\"es\">\n<article class=\"MediaCard\n           MediaCard--mediaForward\n\n           customisable-border\" dir=\"ltr\"><\/p>\n<div class=\"MediaCard-mediaContainer js-cspForcedStyle\">\n<div class=\"MediaCard-mediaAsset\n                ImageGrid\n                ImageGrid--3\n                ImageGrid--roundedTop\n                \"><a class=\"ImageGrid-image\n                  ImageGrid-image-0\n                  CroppedImage\n\n                  CroppedImage--fillHeight\" href=\"https:\/\/twitter.com\/NicolasMaduro\/status\/770037946582007808\/photo\/1\"><img loading=\"lazy\" decoding=\"async\" class=\"CroppedImage-image js-cspForcedStyle\" title=\"Ver imagen en Twitter\" src=\"https:\/\/pbs.twimg.com\/media\/Cq-5bZIWEAEP6Lu.jpg:small\" alt=\"Ver imagen en Twitter\" width=\"520\" height=\"360\" \/><\/a><a class=\"ImageGrid-image\n                  ImageGrid-image-1\n                  CroppedImage\n                  CroppedImage--fillWidth\n                  \" href=\"https:\/\/twitter.com\/NicolasMaduro\/status\/770037946582007808\/photo\/1\"><img loading=\"lazy\" decoding=\"async\" class=\"CroppedImage-image js-cspForcedStyle\" title=\"Ver imagen en Twitter\" src=\"https:\/\/pbs.twimg.com\/media\/Cq-5bZPWgAMFH2u.jpg:small\" alt=\"Ver imagen en Twitter\" width=\"620\" height=\"496\" \/><\/a><a class=\"ImageGrid-image\n                  ImageGrid-image-2\n                  CroppedImage\n                  CroppedImage--fillWidth\n                  \" href=\"https:\/\/twitter.com\/NicolasMaduro\/status\/770037946582007808\/photo\/1\"><img loading=\"lazy\" decoding=\"async\" class=\"CroppedImage-image js-cspForcedStyle\" title=\"Ver imagen en Twitter\" src=\"https:\/\/pbs.twimg.com\/media\/Cq-5bZOWEAAlppg.jpg:small\" alt=\"Ver imagen en Twitter\" width=\"620\" height=\"477\" \/><\/a><\/div>\n<\/div>\n<\/article>\n<div class=\"EmbeddedTweet-tweet\">\n<blockquote class=\"Tweet h-entry js-tweetIdInfo subject expanded \n<p>                    is-deciderHtmlWhitespace\" cite=\"https:\/\/twitter.com\/NicolasMaduro\/status\/770037946582007808\"><\/p>\n<div class=\"Tweet-header u-cf\">\n<div class=\"Tweet-brand u-floatRight\">\n<div class=\"Icon Icon--twitter \" title=\"\"><\/div>\n<p><span class=\"u-hiddenInNarrowEnv\"><a class=\"FollowButton follow-button profile\" title=\"Seguir a Nicol\u00e1s Maduro en Twitter\" href=\"https:\/\/twitter.com\/NicolasMaduro\">Seguir<\/a><\/span><\/div>\n<div class=\"TweetAuthor\"><a class=\"TweetAuthor-link Identity u-linkBlend\" href=\"https:\/\/twitter.com\/NicolasMaduro\"><span class=\"TweetAuthor-avatar Identity-avatar\"><img decoding=\"async\" class=\"Avatar\" src=\"https:\/\/pbs.twimg.com\/profile_images\/526869852321886208\/qfbFiS8H_normal.jpeg\" alt=\"\" \/><\/span><span class=\"TweetAuthor-name Identity-name customisable-highlight\" title=\"Nicol\u00e1s Maduro\">Nicol\u00e1s Maduro<\/span> <\/a><\/p>\n<div class=\"Icon Icon--verified \" title=\"Cuenta verificada\"><\/div>\n<p><a class=\"TweetAuthor-link Identity u-linkBlend\" href=\"https:\/\/twitter.com\/NicolasMaduro\"><span class=\"TweetAuthor-verifiedBadge\"><b class=\"u-hiddenVisually\">\u2714<\/b><\/span><span class=\"TweetAuthor-screenName Identity-screenName\" dir=\"ltr\" title=\"@NicolasMaduro\">@NicolasMaduro<\/span><\/a><\/div>\n<\/div>\n<div class=\"Tweet-body e-entry-content\">\n<p class=\"Tweet-text e-entry-title\" dir=\"ltr\" lang=\"es\">Mis recuerdos eternos a Juan Gabriel extraordinario artista y ser humano..Que Dios lo tenga en su Gloria por Siempre<\/p>\n<div class=\"Tweet-metadata dateline\"><a class=\"u-linkBlend u-url customisable-highlight long-permalink\" href=\"https:\/\/twitter.com\/NicolasMaduro\/status\/770037946582007808\">01:18 &#8211; 29 ago 2016<\/a><\/div>\n<ul class=\"Tweet-actions\">\n<li class=\"Tweet-action\">\n<div class=\"Icon Icon--reply TweetAction-icon\" title=\"Responder\"><\/div>\n<\/li>\n<li class=\"Tweet-action\">\n<div class=\"Icon Icon--retweet TweetAction-icon\" title=\"Retwittear\"><\/div>\n<p><a class=\"TweetAction TweetAction--retweet web-intent\" href=\"https:\/\/twitter.com\/intent\/retweet?tweet_id=770037946582007808\"><span class=\"TweetAction-stat\">4.173<\/span><span class=\"u-hiddenVisually\">4.173 Retweets<\/span><\/a><\/li>\n<li class=\"Tweet-action\">\n<div class=\"Icon Icon--heart TweetAction-icon\" title=\"Me gusta\"><\/div>\n<p><a class=\"TweetAction TweetAction--heart web-intent\" href=\"https:\/\/twitter.com\/intent\/like?tweet_id=770037946582007808\"><span class=\"TweetAction-stat\">2.707<\/span><span class=\"u-hiddenVisually\">2.707 me gusta<\/span><\/a><\/li>\n<\/ul>\n<\/div>\n<\/blockquote>\n<\/div>\n<\/div>\n<div class=\"resize-sensor\"><\/div>\n<\/div>\n<\/div>\n<p>15. Defendi\u00f3 los derechos de la comunidad gay, aunque nunca lo dijo abiertamente, en una entrevista Fernando del Rinc\u00f3n le pregunt\u00f3 si \u00bfera gay? a lo que &#8216;JuanGa&#8217; contest\u00f3: \u00abDicen que lo que se ve no se pregunta, mijo\u00bb.<\/p>\n","protected":false},"excerpt":{"rendered":"<p>M\u00e9xico (CNN Espa\u00f1ol) \u2013\u00a0Con su muerte, el compositor mexicano deja un legado musical inmenso a M\u00e9xico e Iberoam\u00e9rica. Aqu\u00ed te dejamos algunos datos que, tal vez, no conoc\u00edas del querido cantautor. 1. Era conocido como Juan Gabriel, pero su verdadero nombre fue Alberto Aguilera Valadez. 2. Se le conoc\u00eda como \u00abEl Divo de Ju\u00e1rez\u00bb aunque [&hellip;]<\/p>\n","protected":false},"author":7,"featured_media":56299,"comment_status":"open","ping_status":"open","sticky":false,"template":"","format":"standard","meta":{"footnotes":""},"categories":[1,40],"tags":[],"class_list":["post-56343","post","type-post","status-publish","format-standard","has-post-thumbnail","hentry","category-entretenimiento","category-internacionales"],"_links":{"self":[{"href":"https:\/\/2horizontes.com\/index.php?rest_route=\/wp\/v2\/posts\/56343","targetHints":{"allow":["GET"]}}],"collection":[{"href":"https:\/\/2horizontes.com\/index.php?rest_route=\/wp\/v2\/posts"}],"about":[{"href":"https:\/\/2horizontes.com\/index.php?rest_route=\/wp\/v2\/types\/post"}],"author":[{"embeddable":true,"href":"https:\/\/2horizontes.com\/index.php?rest_route=\/wp\/v2\/users\/7"}],"replies":[{"embeddable":true,"href":"https:\/\/2horizontes.com\/index.php?rest_route=%2Fwp%2Fv2%2Fcomments&post=56343"}],"version-history":[{"count":1,"href":"https:\/\/2horizontes.com\/index.php?rest_route=\/wp\/v2\/posts\/56343\/revisions"}],"predecessor-version":[{"id":56344,"href":"https:\/\/2horizontes.com\/index.php?rest_route=\/wp\/v2\/posts\/56343\/revisions\/56344"}],"wp:featuredmedia":[{"embeddable":true,"href":"https:\/\/2horizontes.com\/index.php?rest_route=\/wp\/v2\/media\/56299"}],"wp:attachment":[{"href":"https:\/\/2horizontes.com\/index.php?rest_route=%2Fwp%2Fv2%2Fmedia&parent=56343"}],"wp:term":[{"taxonomy":"category","embeddable":true,"href":"https:\/\/2horizontes.com\/index.php?rest_route=%2Fwp%2Fv2%2Fcategories&post=56343"},{"taxonomy":"post_tag","embeddable":true,"href":"https:\/\/2horizontes.com\/index.php?rest_route=%2Fwp%2Fv2%2Ftags&post=56343"}],"curies":[{"name":"wp","href":"https:\/\/api.w.org\/{rel}","templated":true}]}}