{"id":56325,"date":"2016-08-29T11:06:42","date_gmt":"2016-08-29T10:06:42","guid":{"rendered":"http:\/\/2horizontes.com\/?p=56325"},"modified":"2016-08-29T11:06:42","modified_gmt":"2016-08-29T10:06:42","slug":"los-yihadistas-hablan-castellano-y-apuntan-a-espana","status":"publish","type":"post","link":"https:\/\/2horizontes.com\/?p=56325","title":{"rendered":"Los yihadistas hablan castellano y \u2018apuntan\u2019 a Espa\u00f1a"},"content":{"rendered":"<p><strong>Espa\u00f1a<\/strong><\/p>\n<p>Responsables de la lucha antiterrorista alertan sobre un \u201cincremento de alusiones a nuestro pa\u00eds\u201d en recientes textos, v\u00eddeos, infograf\u00edas y propagandas lanzadas por el Estado Isl\u00e1mico. Los yihadistas escriben en espa\u00f1ol, incluso analizan resultados electorales, d\u00e1ndole un protagonismo a Espa\u00f1a que \u201cincrementa la posibilidad de una acci\u00f3n de un terrorista aut\u00f3nomo en nuestro territorio\u201d. Aglomeraciones de personas, polic\u00edas, cristianos, jud\u00edos y homosexuales entre sus objetivos.<\/p>\n<div id=\"elpais_gpt-INTEXT\"><\/div>\n<p>\u201c&#8230;En cualquier lugar que consider\u00e9is un objetivo v\u00e1lido para castigar a los espa\u00f1oles criminales&#8230; por cualquier medio disponible\u201d, rezaba un comunicado emitido en \u00e1rabe el pasado 18 de julio por la Wafa Media Foundation, af\u00edn al Estado Isl\u00e1mico. Tras una breve referencia hist\u00f3rica, el portavoz se dirige a los habitantes del Magreb (Marruecos, T\u00fanez, Mauritania y Libia), inst\u00e1ndoles a que ataquen contra individuos de nacionalidad espa\u00f1ola.<\/p>\n<div id=\"inread1\">\n<div>\n<div id=\"adContainer\">\n<div><\/div>\n<\/div>\n<\/div>\n<\/div>\n<section id=\"sumario_1|despiece\" class=\"sumario_despiece izquierda\"><a name=\"sumario_1\"><\/a><\/p>\n<div class=\"sumario__interior\">\n<header class=\"sumario-encabezado\">\n<h4 class=\"sumario-titulo\"><span class=\"sin_enlace\">LA NUEVA ESTRATEGIA PASA POR LIBIA<\/span><\/h4>\n<\/header>\n<div class=\"sumario-texto\">\n<p class=\"sumario-autor\">P.O.D.<\/p>\n<p>Como consecuencia de los \u00e9xitos de la Coalici\u00f3n Internacional y el desgaste de las v\u00edas de financiaci\u00f3n y suministro del ISIS en Siria, fuentes de la lucha antiterrorista se\u00f1alan que la organizaci\u00f3n \u201cnecesita una nueva acci\u00f3n de alto impacto para mantener el terror y la alarma en los pa\u00edses europeos y reafirmar su liderazgo entre su poblaci\u00f3n\u201d. Para ello estar\u00edan \u201credirigiendo el flujo de combatientes extranjeros hacia Libia, como base desde la que atacar a Europa, y\/o hacia sus propios pa\u00edses de origen para formar c\u00e9lulas operativas\u201d, continuando con las labores de captaci\u00f3n y reclutamiento.<\/p>\n<\/div>\n<\/div>\n<\/section>\n<p>Desde comienzos de este a\u00f1o, los investigadores de la lucha antiterrorista han detectado \u201cun incremento de las alusiones a Espa\u00f1a\u201d y consideran adem\u00e1s que \u201cla progresiva emisi\u00f3n de textos y comunicados traducidos al castellano otorgan a nuestro pa\u00eds cada vez m\u00e1s relevancia propagand\u00edstica e incrementan la posibilidad de una acci\u00f3n en territorio espa\u00f1ol\u201d. Es el \u00faltimo an\u00e1lisis de los expertos basado en hechos recientes. Los yihadistas del Estado Isl\u00e1mico (ISIS, en sus siglas en ingl\u00e9s) hablan cada vez m\u00e1s en espa\u00f1ol y hasta eval\u00faan los resultados electorales en el idioma de Cervantes: \u201c26-J: Todos han perdido, menos Marruecos\u201d, difund\u00edan desde Ifriqiya Media, plataforma medi\u00e1tica oficial de Al Qaeda del Magreb Isl\u00e1mico (AQMI). El comunicado valoraba las elecciones con el conflicto saharaui como tel\u00f3n de fondo.<\/p>\n<p>Los \u00faltimos atentados de Orlando (13 de junio), Niza (14 de julio) y Normand\u00eda (26 de julio) han vuelto a evidenciar que una de las armas m\u00e1s poderosas \u2014si no la m\u00e1s poderosa tras sus p\u00e9rdidas territoriales\u2014 de los terroristas del ISIS es su aparato propagand\u00edstico. Meses antes de esos brutales ataques, los yihadistas usaban sus canales habituales (agencias de noticias, revistas y redes sociales) para dirigirse a sus seguidores en busca de una reacci\u00f3n emuladora. En un comunicado lanzado antes del comienzo del Ramad\u00e1n (del 6 de junio al 6 de julio) \u201cpriorizaban como objetivo la poblaci\u00f3n civil con cualquier medio del que se disponga\u201d. Y tanto en el n\u00famero 5 de la revista Dar al Islam de julio de 2015 como en el 15 de la revista Dabiq, editada por el DAESH (acr\u00f3nimo \u00e1rabe de Estado Isl\u00e1mico), se ped\u00eda expl\u00edcitamente atacar a los cristianos como una prioridad.<\/p>\n<p>Desde hace meses, seg\u00fan los investigadores, es habitual encontrar v\u00eddeos subtitulados \u201c\u00edntegramente o exclusivamente\u201d, en castellano. Recientemente, el canal yihadista de la wilaya Anbar, distrito del Estado Isl\u00e1mico ubicado en Irak, publicaba uno titulado Las incursiones de los depredadores subtitulado en espa\u00f1ol. Del mismo modo, la publicidad incluida en una nueva filmaci\u00f3n del ISIS titulada \u00bfQui\u00e9n es el siguiente? es en espa\u00f1ol.<\/p>\n<p><strong>Subt\u00edtulos e infograf\u00edas<\/strong><\/p>\n<p>Otro v\u00eddeo, El camino de los padres justos, de 14 minutos y con subt\u00edtulos en espa\u00f1ol, est\u00e1 enfocado a la captaci\u00f3n y reclutamiento. En todos los casos los mensajes se difunden desde distintas wilayas (distritos) del Estado Isl\u00e1mico, lo que \u201cimplica la actuaci\u00f3n de diferentes personas con directrices espec\u00edficas de una organizaci\u00f3n central\u201d, seg\u00fan los expertos.<\/p>\n<p>La bandera de Espa\u00f1a tambi\u00e9n ha aparecido en una imagen con el t\u00edtulo Una religi\u00f3n, un califato, en la que se ve a un individuo ondeando la negra del ISIS y con la ense\u00f1a espa\u00f1ola a sus pies, junto a otras 11.<\/p>\n<p>Tambi\u00e9n las \u00faltimas infograf\u00edas realizadas por los propagandistas yihadistas sobre los dos a\u00f1os de vida del autoproclamado califato de Abu Bakr al-Baghdadi (29\/06\/2014 a 29\/06\/2016) est\u00e1n en lengua espa\u00f1ola. Al igual que el esquema de los 100 atentados suicidas realizados por sus fieles solo en el pasado mes de junio. En ambos casos, los gr\u00e1ficos llevan la r\u00fabrica de la Amaq Agency, la productora oficial del ISIS.<\/p>\n<p>Los investigadores han recopilado todo un compendio de informaciones expresadas en un \u201cm\u00e1s que correcto espa\u00f1ol\u201d. Fuentes de la lucha antiterrorista sospechan que algunas pueden estar escritas por espa\u00f1oles y creen que su finalidad es alentar a \u201cterroristas aut\u00f3nomos que, frustrados por la incapacidad de viajar a Siria e Irak para combatir junto a los yihadistas, opten por atentar en su pa\u00eds de origen o residencia\u201d.<a name=\"sumario_2\"><\/a><\/p>\n<section id=\"sumario_2|despiece\" class=\"sumario_despiece centro\"><strong>186 ESPA\u00d1OLES VIAJARON A SIRIA, 75 SON POTENCIALMENTE PELIGROSOS<\/strong><\/p>\n<div class=\"sumario__interior\">\n<div class=\"sumario-texto\">\n<p class=\"sumario-autor\">P.O.D.<\/p>\n<p>Desde 2004 (a\u00f1o de los atentados terroristas del 11-M) los grupos responsables de la lucha antiterrorista han realizado 181 operaciones contra el terrorismo yihadista (163 en Espa\u00f1a y 18 en el exterior), en las que han resultado detenidas 692 personas (633 en Espa\u00f1a y 59 en el exterior). Desde el inicio del conflicto sirio, 76 operaciones estuvieron relacionadas con Siria, en las que hubo un total de 164 detenidos. Tambi\u00e9n ha habido una operaci\u00f3n relacionada con Mal\u00ed, con 6 detenidos.<\/p>\n<p>En los \u00faltimos a\u00f1os el esfuerzo desarrollado y la eficacia policial y judicial espa\u00f1olas est\u00e1 en continuo crecimiento. En 2012, ocho personas fueron detenidas en cinco operaciones. En 2013, 20 detenidos en ocho operaciones. En 2014, 13 operaciones con 36 detenciones. La mayor\u00eda de ellas est\u00e1n vinculadas con redes de captaci\u00f3n y env\u00edo de yihadistas a zonas de conflicto. Adem\u00e1s, existen otros arrestos que se ejecutaron en otros pa\u00edses pero son consecuencia de \u00f3rdenes internacionales emitidas por las autoridades espa\u00f1olas en el \u00e1mbito de \u00e9stas y otras operaciones. En 2015, se realizaron 36 operaciones en Espa\u00f1a y otras ocho en el exterior (tres en Turqu\u00eda, una en Polonia, una en Alemania y tres operaciones conjuntas con Marruecos) con 102 detenidos relacionados con yihadismo. Solo en Catalu\u00f1a se llevaron a cabo 14 operaciones (tres de ellas por los Mossos) con un volumen global de 38 detenidos.<\/p>\n<p>El total de la X Legislatura (2012-2015) fue de 62 operaciones en Espa\u00f1a y 17 en el exterior, con 139 detenidos en Espa\u00f1a por vinculaciones con el yihadismo. Sumados a los 58 detenidos en el exterior, son un total de 197.<\/p>\n<p>En lo que llevamos de 2016, se han realizado 15 operaciones en Espa\u00f1a y una en el exterior (conjunta con Marruecos), con un total de 31 detenidos (30 en Espa\u00f1a y uno en el exterior).<\/p>\n<p>Actualmente los servicios secretos espa\u00f1oles tienen identificados a 186 espa\u00f1oles o residentes en Espa\u00f1a que han viajado a Siria u otras zonas de conflicto, de los que es posible que hayan muerto al menos 31. En lo que se refiere a los retornados, se conoce la presencia en Espa\u00f1a de 25 (24 de Siria e Irak y uno de Mal\u00ed), de los que 15 est\u00e1n en prisi\u00f3n y 10 en libertad. Una estimaci\u00f3n estricta de todos los desplazados potencialmente peligrosos los situar\u00eda en alrededor de 75.<\/p>\n<p>F. El Pa\u00eds.<\/p>\n<\/div>\n<\/div>\n<\/section>\n","protected":false},"excerpt":{"rendered":"<p>Espa\u00f1a Responsables de la lucha antiterrorista alertan sobre un \u201cincremento de alusiones a nuestro pa\u00eds\u201d en recientes textos, v\u00eddeos, infograf\u00edas y propagandas lanzadas por el Estado Isl\u00e1mico. Los yihadistas escriben en espa\u00f1ol, incluso analizan resultados electorales, d\u00e1ndole un protagonismo a Espa\u00f1a que \u201cincrementa la posibilidad de una acci\u00f3n de un terrorista aut\u00f3nomo en nuestro territorio\u201d. [&hellip;]<\/p>\n","protected":false},"author":7,"featured_media":56335,"comment_status":"open","ping_status":"open","sticky":false,"template":"","format":"standard","meta":{"footnotes":""},"categories":[85,40],"tags":[],"class_list":["post-56325","post","type-post","status-publish","format-standard","has-post-thumbnail","hentry","category-espana","category-internacionales"],"_links":{"self":[{"href":"https:\/\/2horizontes.com\/index.php?rest_route=\/wp\/v2\/posts\/56325","targetHints":{"allow":["GET"]}}],"collection":[{"href":"https:\/\/2horizontes.com\/index.php?rest_route=\/wp\/v2\/posts"}],"about":[{"href":"https:\/\/2horizontes.com\/index.php?rest_route=\/wp\/v2\/types\/post"}],"author":[{"embeddable":true,"href":"https:\/\/2horizontes.com\/index.php?rest_route=\/wp\/v2\/users\/7"}],"replies":[{"embeddable":true,"href":"https:\/\/2horizontes.com\/index.php?rest_route=%2Fwp%2Fv2%2Fcomments&post=56325"}],"version-history":[{"count":1,"href":"https:\/\/2horizontes.com\/index.php?rest_route=\/wp\/v2\/posts\/56325\/revisions"}],"predecessor-version":[{"id":56336,"href":"https:\/\/2horizontes.com\/index.php?rest_route=\/wp\/v2\/posts\/56325\/revisions\/56336"}],"wp:featuredmedia":[{"embeddable":true,"href":"https:\/\/2horizontes.com\/index.php?rest_route=\/wp\/v2\/media\/56335"}],"wp:attachment":[{"href":"https:\/\/2horizontes.com\/index.php?rest_route=%2Fwp%2Fv2%2Fmedia&parent=56325"}],"wp:term":[{"taxonomy":"category","embeddable":true,"href":"https:\/\/2horizontes.com\/index.php?rest_route=%2Fwp%2Fv2%2Fcategories&post=56325"},{"taxonomy":"post_tag","embeddable":true,"href":"https:\/\/2horizontes.com\/index.php?rest_route=%2Fwp%2Fv2%2Ftags&post=56325"}],"curies":[{"name":"wp","href":"https:\/\/api.w.org\/{rel}","templated":true}]}}