{"id":56319,"date":"2016-08-29T10:54:59","date_gmt":"2016-08-29T09:54:59","guid":{"rendered":"http:\/\/2horizontes.com\/?p=56319"},"modified":"2016-08-29T10:54:59","modified_gmt":"2016-08-29T09:54:59","slug":"dilma-rousseff-comparece-en-el-senado-para-defenderse-en-el-juicio-politico-en-su-contra","status":"publish","type":"post","link":"https:\/\/2horizontes.com\/?p=56319","title":{"rendered":"Dilma Rousseff comparece en el Senado para defenderse en el juicio pol\u00edtico en su contra"},"content":{"rendered":"<p><strong>Brasil\u00a0<\/strong><\/p>\n<p><strong>(CNN) &#8211;<\/strong>\u00a0La presidenta suspendida de Brasil, Dilma Rousseff, comparece este lunes en el Senado, para defenderse en el juicio pol\u00edtico que se sigue contra ella.<\/p>\n<p>Es un feo retorno a la realidad para la naci\u00f3n sudamericana, despu\u00e9s de la fiesta de los Juegos Ol\u00edmpicos de R\u00edo.<span id=\"more-316102\"><\/span><\/p>\n<div class=\"ym-wrapper\">Rousseff es acusada de modificar ilegalmente cuentas antes de su reelecci\u00f3n en 2014 para ocultar un\u00a0d\u00e9ficit\u00a0en el presupuesto\u00a0y\u00a0seguir financiando programas sociales populares.<\/div>\n<div class=\"ym-wrapper\">La mandataria suspendida\u00a0niega los hechos y ha calificado todo el proceso como un golpe de Estado t\u00e9cnico dirigido por pol\u00edticos implicados en una masiva investigaci\u00f3n sobre corrupci\u00f3n.<\/div>\n<p>\u00abCuando un presidente es acusado de un crimen que no cometi\u00f3, el nombre que tenemos para eso en una democracia no es un juicio pol\u00edtico, es un golpe\u00bb, dijo a periodistas en mayo luego de que el Senado vot\u00f3 a favor de iniciar los procedimientos.<\/p>\n<p>Fue suspendida de todas sus funciones en mayo y fue reemplazada por su antiguo socio de gobierno, Michel Temer, un hombre al que se le acusa de apu\u00f1alarla por la espalda.<\/p>\n<p>La votaci\u00f3n final se espera para el martes. La acusaci\u00f3n debe ser ratificada por 54 votos o dos tercios de la mayor\u00eda de 81 senadores.<\/p>\n<p>Si la votaci\u00f3n\u00a0pasa -y la mayor\u00eda de los observadores en Brasil espera que lo haga f\u00e1cilmente- Temer se convertir\u00e1 en el nuevo presidente del pa\u00eds, hasta las elecciones generales de 2018. Por desgracia para \u00e9l,junto con las llaves del palacio presidencial en Brasilia, heredar\u00eda una\u00a0econom\u00eda en recesi\u00f3n.<\/p>\n<p>Rousseff fue elegida por Lula como su sucesora. Fue reelegida en 2014 pero debido a la recesi\u00f3n econ\u00f3mica y los crecientes esc\u00e1ndalos de corrupci\u00f3n, su popularidad se desplom\u00f3 a solo el 10%.<\/p>\n<p>Si es destituida, se terminar\u00e1 con 13 a\u00f1os de gobierno del Partido de los Trabajadores, que comenz\u00f3 con Luiz Inacio Lula da Silva, un popular l\u00edder que sirvi\u00f3 durante dos mandatos.<\/p>\n","protected":false},"excerpt":{"rendered":"<p>Brasil\u00a0 (CNN) &#8211;\u00a0La presidenta suspendida de Brasil, Dilma Rousseff, comparece este lunes en el Senado, para defenderse en el juicio pol\u00edtico que se sigue contra ella. Es un feo retorno a la realidad para la naci\u00f3n sudamericana, despu\u00e9s de la fiesta de los Juegos Ol\u00edmpicos de R\u00edo. Rousseff es acusada de modificar ilegalmente cuentas antes [&hellip;]<\/p>\n","protected":false},"author":7,"featured_media":56320,"comment_status":"open","ping_status":"open","sticky":false,"template":"","format":"standard","meta":{"footnotes":""},"categories":[40,43],"tags":[],"class_list":["post-56319","post","type-post","status-publish","format-standard","has-post-thumbnail","hentry","category-internacionales","category-politica"],"_links":{"self":[{"href":"https:\/\/2horizontes.com\/index.php?rest_route=\/wp\/v2\/posts\/56319","targetHints":{"allow":["GET"]}}],"collection":[{"href":"https:\/\/2horizontes.com\/index.php?rest_route=\/wp\/v2\/posts"}],"about":[{"href":"https:\/\/2horizontes.com\/index.php?rest_route=\/wp\/v2\/types\/post"}],"author":[{"embeddable":true,"href":"https:\/\/2horizontes.com\/index.php?rest_route=\/wp\/v2\/users\/7"}],"replies":[{"embeddable":true,"href":"https:\/\/2horizontes.com\/index.php?rest_route=%2Fwp%2Fv2%2Fcomments&post=56319"}],"version-history":[{"count":1,"href":"https:\/\/2horizontes.com\/index.php?rest_route=\/wp\/v2\/posts\/56319\/revisions"}],"predecessor-version":[{"id":56321,"href":"https:\/\/2horizontes.com\/index.php?rest_route=\/wp\/v2\/posts\/56319\/revisions\/56321"}],"wp:featuredmedia":[{"embeddable":true,"href":"https:\/\/2horizontes.com\/index.php?rest_route=\/wp\/v2\/media\/56320"}],"wp:attachment":[{"href":"https:\/\/2horizontes.com\/index.php?rest_route=%2Fwp%2Fv2%2Fmedia&parent=56319"}],"wp:term":[{"taxonomy":"category","embeddable":true,"href":"https:\/\/2horizontes.com\/index.php?rest_route=%2Fwp%2Fv2%2Fcategories&post=56319"},{"taxonomy":"post_tag","embeddable":true,"href":"https:\/\/2horizontes.com\/index.php?rest_route=%2Fwp%2Fv2%2Ftags&post=56319"}],"curies":[{"name":"wp","href":"https:\/\/api.w.org\/{rel}","templated":true}]}}