{"id":5623,"date":"2015-05-04T23:36:39","date_gmt":"2015-05-04T22:36:39","guid":{"rendered":"http:\/\/2horizontes.com\/?p=5623"},"modified":"2015-05-04T23:37:07","modified_gmt":"2015-05-04T22:37:07","slug":"el-peligro-de-vivir-rodeado-de-minas-explosivas-en-colombia","status":"publish","type":"post","link":"https:\/\/2horizontes.com\/?p=5623","title":{"rendered":"El peligro de vivir rodeado de minas explosivas en Colombia"},"content":{"rendered":"<p><i>A principios de marzo de este a\u00f1o y en el marco de di\u00e1logos de paz que llevan adelante desde 2012, el gobierno de Colombia y la guerrilla de las FARC anunciaron que trabajar\u00e1n en conjunto para remover minas, otros artefactos explosivos y munici\u00f3n sin detonar. Desminar el pa\u00eds puede llevar d\u00e9cadas; mientras tanto, las poblaciones de las zonas m\u00e1s expuestas, como Anor\u00ed, en el noroeste del pa\u00eds, viven d\u00eda a d\u00eda con el riesgo de sufrir accidentes. BBC Mundo estuvo all\u00ed.<\/i><\/p>\n<p>&nbsp;<\/p>\n<p><strong>Jair de Jes\u00fas Arboleda cuenta que el 1 de diciembre de 2012 estaba limpiando los alrededores de su casa en la zona rural del municipio de Anor\u00ed cuando pis\u00f3 una mina antipersonal.<\/strong><\/p>\n<p>El hombre de 40 a\u00f1os relata que se arrastr\u00f3 por dos d\u00edas y dos noches hasta llegar al camino principal, donde lo recogi\u00f3 un cami\u00f3n que lo llev\u00f3 hasta un hospital.<\/p>\n<figure class=\"media-landscape full-width has-caption\"><img loading=\"lazy\" decoding=\"async\" class=\"js-image-replace\" src=\"http:\/\/ichef.bbci.co.uk\/news\/ws\/624\/amz\/worldservice\/live\/assets\/images\/2015\/04\/23\/150423002751_jhon_y_diana_624x351_bbc_credit.jpg\" alt=\"Jhon Fredy Mar\u00edn Zapata y Diana Zapata\" width=\"624\" height=\"351\" \/><figcaption class=\"media-caption\"><span class=\"media-caption__text\">Cuando escuch\u00f3 la explosi\u00f3n, Diana Zapata corri\u00f3 a ver qu\u00e9 hab\u00eda pasado con Jhon Fredy.<\/span><\/figcaption><\/figure>\n<p>Debieron amputarle la pierna derecha por arriba de la rodilla.<\/p>\n<p>Me cont\u00f3 su historia por tel\u00e9fono, porque no pudo llegar al encuentro que hab\u00edamos planeado en la cabecera municipal de Anor\u00ed, en el departamento de Antioquia, el m\u00e1s afectado por minas antipersonales y otros explosivos de Colombia.<\/p>\n<p>Quien s\u00ed estaba all\u00ed era el adolescente de 17 a\u00f1os Jhon Fredy Mar\u00edn Zapata, junto a sus padres.<\/p>\n<h2 class=\"story-body__crosshead\">Moviendo el ganado<\/h2>\n<p>Hace poco m\u00e1s de un mes, el 12 de marzo de 2015, Jhon Fredy, quien tiene una discapacidad cognitiva, ayudaba a su padre a mover el ganado por sus tierras.<\/p>\n<p>En alg\u00fan momento perdi\u00f3 un poco el equilibrio y apoy\u00f3 su mano izquierda sobre el costado de un sendero.<\/p>\n<aside class=\"pullout\">\n<div class=\"pullout-inner\">\n<aside class=\"quote\">\n<div class=\"quote-inner\">\n<blockquote class=\"quote\"><p>Nunca pens\u00e9 que podr\u00eda (haber un artefacto explosivo) en mi finca<\/p>\n<footer>Diana Zapata<\/footer>\n<\/blockquote>\n<\/div>\n<\/aside>\n<\/div>\n<\/aside>\n<p>Diana Zapata, su madre, quien estaba dentro de la casa, escuch\u00f3 un estallido y corri\u00f3 hacia su hijo.<\/p>\n<p>\u00ab\u00c9l gritaba &#8216;mami, mami, mami'\u00bb, me cont\u00f3.<\/p>\n<p>Jhon Fredy perdi\u00f3 parte de dos dedos y fue herido por esquirlas en el cuerpo.<\/p>\n<p>Todav\u00eda est\u00e1 conmocionado por el evento y esconde permanentemente su mano, como si le diera verg\u00fcenza.<\/p>\n<h2 class=\"story-body__crosshead\">M\u00e1s de 11.000 v\u00edctimas<\/h2>\n<p>Zapata me dijo que en Anor\u00ed todos saben bien que hay mucha presencia de explosivos y minas antipersonales, pero que ella no cre\u00eda que le pod\u00eda tocar a su familia.<\/p>\n<p>\u00abNunca pens\u00e9 que podr\u00eda (haber un artefacto explosivo) en mi finca\u00bb.<\/p>\n<figure class=\"media-landscape full-width has-caption\"><img loading=\"lazy\" decoding=\"async\" class=\"js-image-replace\" src=\"http:\/\/ichef.bbci.co.uk\/news\/ws\/624\/amz\/worldservice\/live\/assets\/images\/2015\/04\/23\/150423002650_explisvo_624x351_la_region_credit.jpg\" alt=\"Soldado se\u00f1ala artefacto explosivo\" width=\"624\" height=\"351\" \/><figcaption class=\"media-caption\"><span class=\"media-caption__text\">Este explosivo fue hallado a pocos metros de una escuela rural en Anor\u00ed.<\/span><\/figcaption><\/figure>\n<p>Jair de Jes\u00fas Arboleda y Jhon Fredy Mar\u00edn Zapata son s\u00f3lo dos de las 160 v\u00edctimas de explosivos que Anor\u00ed ha registrado en los \u00faltimos 25 a\u00f1os, de acuerdo con estad\u00edsticas de la Direcci\u00f3n contra Minas del gobierno colombiano.<\/p>\n<p>En ese per\u00edodo, m\u00e1s de 11.000 personas han sufrido ese tipo de accidentes en Colombia; un 20% fueron mortales.<\/p>\n<p><strong>Lea tambi\u00e9n: El gobierno colombiano y las FARC colaborar\u00e1n en desminado<\/strong><\/p>\n<p>El pa\u00eds sudamericano es hoy el tercero con m\u00e1s eventos con explosivos del mundo en los \u00faltimos 15 a\u00f1os, detr\u00e1s de Camboya y Afganist\u00e1n.<\/p>\n<p>No es inusual que las v\u00edctimas sean ni\u00f1os y adolescentes, como Jhon Fredy.<\/p>\n<figure class=\"media-landscape full-width has-caption\"><img loading=\"lazy\" decoding=\"async\" class=\"js-image-replace\" src=\"http:\/\/ichef.bbci.co.uk\/news\/ws\/624\/amz\/worldservice\/live\/assets\/images\/2015\/04\/23\/150423002533_chicos_escuela_624x351_bbc_credit.jpg\" alt=\"Ni\u00f1os en escuela\" width=\"624\" height=\"351\" \/><figcaption class=\"media-caption\"><span class=\"media-caption__text\">En las escuelas de la zona los ni\u00f1os reciben repetidas clases en educaci\u00f3n en riesgo de minas.<\/span><\/figcaption><\/figure>\n<p>Colombia, que a pesar del conflicto es una de las democracias m\u00e1s estables de Am\u00e9rica Latina, est\u00e1 s\u00f3lo detr\u00e1s de Afganist\u00e1n en n\u00famero de v\u00edctimas menores de edad por minas antipersonales.<\/p>\n<p>Las minas, m\u00e1s all\u00e1 de los heridos, amputados y muertos, son armas que contagian terror y est\u00e1n prohibidas por el derecho internacional humanitario.<\/p>\n<p><strong><a class=\"story-body__link\" href=\"http:\/\/www.bbc.co.uk\/mundo\/noticias\/2015\/03\/150309_colombia_como_se_hace_desminado_nc\">Lea tambi\u00e9n: C\u00f3mo desminar al pa\u00eds con m\u00e1s minas antipersonales de Am\u00e9rica<\/a><\/strong><\/p>\n<h2 class=\"story-body__crosshead\">Zona caliente<\/h2>\n<p>Este municipio es lo que en Colombia llaman una zona caliente, una donde se vive con intensidad el conflicto de m\u00e1s de cinco d\u00e9cadas que azota al pa\u00eds.<\/p>\n<p>El municipio tiene una fuerte presencia de las Fuerzas Armadas Revolucionarias de Colombia (FARC) y del ELN (Ej\u00e9rcito de Liberaci\u00f3n Nacional), la primera y segunda mayores organizaciones guerrilleras del pa\u00eds y ha registrado actividad de paramilitares de derecha<\/p>\n<p>En Anor\u00ed hay riquezas naturales, pero son tambi\u00e9n condena.<\/p>\n<figure class=\"media-landscape full-width has-caption\"><img loading=\"lazy\" decoding=\"async\" class=\"js-image-replace\" src=\"http:\/\/ichef.bbci.co.uk\/news\/ws\/624\/amz\/worldservice\/live\/assets\/images\/2015\/04\/23\/150423002504_barequero_624x351_bbc_credit.jpg\" alt=\"Barequero, minero artesanal\" width=\"624\" height=\"351\" \/><figcaption class=\"media-caption\"><span class=\"media-caption__text\">Este barequero, minero artesanal, recoge lo poco que puede de la riqueza aur\u00edfera de Anor\u00ed, de lo que queda de las explotaciones ilegales.<\/span><\/figcaption><\/figure>\n<figure class=\"media-landscape full-width has-caption\"><img loading=\"lazy\" decoding=\"async\" class=\"js-image-replace\" src=\"http:\/\/ichef.bbci.co.uk\/news\/ws\/624\/amz\/worldservice\/live\/assets\/images\/2015\/04\/23\/150423002916_oro_624x351_bbc_credit.jpg\" alt=\"Oro\" width=\"624\" height=\"351\" \/><figcaption class=\"media-caption\"><span class=\"media-caption__text\">Este es el oro que recolect\u00f3 en un d\u00eda, que puede vender por unos 30.000 pesos colombianos (US$12).<\/span><\/figcaption><\/figure>\n<p>Su tierra es bella y f\u00e9rtil; sus entra\u00f1as todav\u00eda ofrecen vetas de oro viables.<\/p>\n<p>Lo primero propicia los cultivos de coca; lo segundo, la miner\u00eda ilegal.<\/p>\n<p>Y el intenso r\u00edo Porce tambi\u00e9n es bendici\u00f3n y maldici\u00f3n.<\/p>\n<figure class=\"media-landscape full-width has-caption\"><img loading=\"lazy\" decoding=\"async\" class=\"js-image-replace\" src=\"http:\/\/ichef.bbci.co.uk\/news\/ws\/624\/amz\/worldservice\/live\/assets\/images\/2015\/04\/23\/150423002851_lago_represa_624x351_bbc_credit.jpg\" alt=\"Lago de la represa Porce III\" width=\"624\" height=\"351\" \/><figcaption class=\"media-caption\"><span class=\"media-caption__text\">Ese espejo de agua que se ve en el centro est\u00e1 formado por la represa hidroel\u00e9ctrica Porce III, que genera parte de la electricidad que consume Colombia.<\/span><\/figcaption><\/figure>\n<p>En \u00e9l se levantaron las tres represas hidroel\u00e9ctricas Porce, que proveen una importante parte de la energ\u00eda de Colombia, y que han llevado recursos al municipio.<\/p>\n<p>Pero las represas y los cables y torres de energ\u00eda que de ellas emergen son importantes objetivos para la guerrilla, tanto como las fuerzas de seguridad del estado que protegen esa infraestructura.<\/p>\n<figure class=\"media-landscape full-width has-caption\"><img loading=\"lazy\" decoding=\"async\" class=\"js-image-replace\" src=\"http:\/\/ichef.bbci.co.uk\/news\/ws\/624\/amz\/worldservice\/live\/assets\/images\/2015\/04\/23\/150423002620_el_limon_624x351_bbc_credit.jpg\" alt=\"Vereda El Lim\u00f3n\" width=\"624\" height=\"351\" \/><figcaption class=\"media-caption\"><span class=\"media-caption__text\">La vereda (caser\u00edo) El Lim\u00f3n, de Anor\u00ed, tiene a pocos metros, sobre un cerro, una base militar. Eso es algo que preocupa a los habitantes, porque el ej\u00e9rcito es blanco de la guerrila.<\/span><\/figcaption><\/figure>\n<p>Y aunque las FARC est\u00e1n en negociaciones de paz con el gobierno desde 2012 y tras anunciar un cese el fuego unilateral en diciembre pasado han disminuido su accionar, las minas y explosivos que hayan sembrado siguen presentes, al igual que las que pudo colocar o seguir colocando el ELN.<\/p>\n<p>As\u00ed es que Anor\u00ed tiene el mayor n\u00famero de eventos con minas y otros artefactos (accidentes con v\u00edctimas humanas e incidentes sin v\u00edctimas) de todo Antioquia, un total de 435 en las \u00faltimas dos d\u00e9cadas y media (160 con v\u00edctimas humanas).<\/p>\n<h2 class=\"story-body__crosshead\">Aprender a convivir con el peligro<\/h2>\n<p>Es dif\u00edcil imaginar c\u00f3mo se puede vivir bajo la constante amenaza de las minas antipersonales.<\/p>\n<p>Jair de Jes\u00fas ya no puede sacar provecho de su finca, pues la tuvo que abandonar.<\/p>\n<figure class=\"media-portrait full-width has-caption\"><img loading=\"lazy\" decoding=\"async\" class=\"js-image-replace\" src=\"http:\/\/ichef.bbci.co.uk\/news\/ws\/624\/amz\/worldservice\/live\/assets\/images\/2015\/04\/28\/150428001635_jair_624x900_pazydemocracia_credit.jpg\" alt=\"Jair de Jes\u00fas\" width=\"624\" height=\"900\" \/><figcaption class=\"media-caption\"><span class=\"media-caption__text\">Jair de Jes\u00fas perdi\u00f3 el acceso su tierra tras el accidente.<\/span><\/figcaption><\/figure>\n<p>\u00abMe dijeron que no me vuelva a meter all\u00e1\u00bb, me dijo. \u00abYo ya no puedo trabajar, yo no puedo hacer nadita\u00bb.<\/p>\n<p>Diana, la madre de Jhon Fredy, me dijo que todos los d\u00edas cuando su otra hija, de 10 a\u00f1os, va a la escuela ella no puede dejar de pensar qu\u00e9 podr\u00eda ocurrir si se desv\u00eda del sendero seguro.<\/p>\n<figure class=\"media-landscape full-width has-caption\"><img loading=\"lazy\" decoding=\"async\" class=\"js-image-replace\" src=\"http:\/\/ichef.bbci.co.uk\/news\/ws\/624\/amz\/worldservice\/live\/assets\/images\/2015\/04\/23\/150423002916_michelle_624x351_bbc_credit.jpg\" alt=\"Michelle Alejandra Quiroz Piedrahita\" width=\"624\" height=\"351\" \/><figcaption class=\"media-caption\"><span class=\"media-caption__text\">\u00abPuede haber tambi\u00e9n una cuerda y uno se puede enredar en ella y puede explotar tambi\u00e9n la bomba\u00bb, dijo Michelle Alejandra Quiroz Piedrahita, explicando las formas en que se puede tener un accidente con una mina.<\/span><\/figcaption><\/figure>\n<p>Sabe que hacia los costados puede haber minas. Pero tambi\u00e9n sabe que los ni\u00f1os son muy curiosos.<\/p>\n<p>Las minas y los artefactos explosivos que se encuentran aqu\u00ed no son necesariamente de los tradicionales.<\/p>\n<p>Quienes los preparan utilizan pl\u00e1stico, vidrio y otros materiales para que sean m\u00e1s dif\u00edciles de detectar.<\/p>\n<p>Muchas veces los detonadores est\u00e1n conectados a objetos que pueden llamar la atenci\u00f3n, como tel\u00e9fonos celulares.<\/p>\n<p>\u00abPuede haber tambi\u00e9n una cuerda y uno se puede enredar en ella y puede explotar la bomba\u00bb, me explic\u00f3 Michel Alejandra Quiroz Piedrahita, una alumna de primaria de la escuela de la cabecera municipal de Anor\u00ed.<\/p>\n<figure class=\"media-landscape body-narrow-width has-caption\"><img loading=\"lazy\" decoding=\"async\" class=\"js-image-replace\" src=\"http:\/\/ichef.bbci.co.uk\/news\/ws\/304\/amz\/worldservice\/live\/assets\/images\/2015\/04\/23\/150423002504_cartel_304x171_bbc_credit.jpg\" alt=\"Cartel educativo sobre riesgo de minas\" width=\"304\" height=\"171\" \/><figcaption class=\"media-caption\"><span class=\"media-caption__text\">Los materiales para las clases los provee Unicef.<\/span><\/figcaption><\/figure>\n<p>Convers\u00e9 con ella en el marco de una clase que se da asiduamente all\u00ed y en otras instituciones educativas del municipio.<\/p>\n<p>Los materiales los provee Unicef a trav\u00e9s de la ONG colombiana Corporaci\u00f3n Paz y Democracia, con quienes BBC Mundo lleg\u00f3 hasta all\u00ed.<\/p>\n<p>Las clases las dictan habitantes de Anor\u00ed: maestros, el cura, l\u00edderes comunitarios.<\/p>\n<p>Y el objetivo es que a trav\u00e9s de los ni\u00f1os toda la poblaci\u00f3n del municipio sepa c\u00f3mo hacer para intentar conseguir que esa cifra de 160 accidentados con minas antipersonales no siga creciendo.<\/p>\n<h2 class=\"story-body__crosshead\">Ep\u00edlogo: m\u00e1s que minas y explosivos<\/h2>\n<p>En la clase conoc\u00ed a Graciela Bahos, voluntaria de la Corporaci\u00f3n Paz y Democracia, quien me record\u00f3 que en la historia de violencia que le ha tocado vivir a Anor\u00ed y a Colombia hay m\u00e1s culpables que los explosivos.<\/p>\n<aside class=\"pullout\">\n<div class=\"pullout-inner\">\n<aside class=\"quote\">\n<div class=\"quote-inner\">\n<blockquote class=\"quote\"><p>Salir acompa\u00f1ando hasta siete cad\u00e1veres en un mismo entierro es una cosa muy dolorosa<\/p>\n<footer>Graciela Bahos<\/footer>\n<\/blockquote>\n<\/div>\n<\/aside>\n<\/div>\n<\/aside>\n<p>Muertes, desapariciones, desplazamientos forzados.<\/p>\n<p>\u00abSalir acompa\u00f1ando hasta siete cad\u00e1veres en un mismo entierro es una cosa muy dolorosa\u00bb, me dijo Bahos, de 72 a\u00f1os, quien lleg\u00f3 de peque\u00f1a a Anor\u00ed con su familia.<\/p>\n<p>\u00abA una aqu\u00ed le ha tocado ver todas las tragedias\u00bb.<\/p>\n<p>En 2007, me cont\u00f3, vivi\u00f3 la historia de la violencia en carne propia, cuando mataron a uno de sus ocho hijos.<\/p>\n<figure class=\"media-landscape full-width has-caption\"><img loading=\"lazy\" decoding=\"async\" class=\"js-image-replace\" src=\"http:\/\/ichef.bbci.co.uk\/news\/ws\/624\/amz\/worldservice\/live\/assets\/images\/2015\/04\/23\/150423002651_graciela_624x351_credit.jpg\" alt=\"Graciela Bahos\" width=\"624\" height=\"351\" \/><figcaption class=\"media-caption\"><span class=\"media-caption__text\">Graciela Bahos perdi\u00f3 un hijo y debi\u00f3 abandonar su tierra por el conflicto.<\/span><\/figcaption><\/figure>\n<p>\u00abLo mataron los grupos armados\u00bb.<\/p>\n<p>Y cuando su hijo menor, m\u00e1s recientemente, no quiso sumarse a las filas de las FARC, volvi\u00f3 a sufrir en primera persona.<\/p>\n<p>Como represalia, dijo, la obligaron a dejar su tierra.<\/p>\n<p>Hoy Bahos, adem\u00e1s de ser voluntaria de Paz y Democracia, lidera la Asociaci\u00f3n de Desplazados de Anor\u00ed y la Mesa de V\u00edctimas del Municipio.<\/p>\n<p>Dice que convirti\u00f3 su dolor y su experiencia en herramientas para unir y educar.<\/p>\n<p>&nbsp;<\/p>\n","protected":false},"excerpt":{"rendered":"<p>A principios de marzo de este a\u00f1o y en el marco de di\u00e1logos de paz que llevan adelante desde 2012, el gobierno de Colombia y la guerrilla de las FARC anunciaron que trabajar\u00e1n en conjunto para remover minas, otros artefactos explosivos y munici\u00f3n sin detonar. Desminar el pa\u00eds puede llevar d\u00e9cadas; mientras tanto, las poblaciones [&hellip;]<\/p>\n","protected":false},"author":4,"featured_media":5624,"comment_status":"open","ping_status":"open","sticky":false,"template":"","format":"standard","meta":{"footnotes":""},"categories":[50],"tags":[],"class_list":["post-5623","post","type-post","status-publish","format-standard","has-post-thumbnail","hentry","category-colombia"],"_links":{"self":[{"href":"https:\/\/2horizontes.com\/index.php?rest_route=\/wp\/v2\/posts\/5623","targetHints":{"allow":["GET"]}}],"collection":[{"href":"https:\/\/2horizontes.com\/index.php?rest_route=\/wp\/v2\/posts"}],"about":[{"href":"https:\/\/2horizontes.com\/index.php?rest_route=\/wp\/v2\/types\/post"}],"author":[{"embeddable":true,"href":"https:\/\/2horizontes.com\/index.php?rest_route=\/wp\/v2\/users\/4"}],"replies":[{"embeddable":true,"href":"https:\/\/2horizontes.com\/index.php?rest_route=%2Fwp%2Fv2%2Fcomments&post=5623"}],"version-history":[{"count":2,"href":"https:\/\/2horizontes.com\/index.php?rest_route=\/wp\/v2\/posts\/5623\/revisions"}],"predecessor-version":[{"id":5626,"href":"https:\/\/2horizontes.com\/index.php?rest_route=\/wp\/v2\/posts\/5623\/revisions\/5626"}],"wp:featuredmedia":[{"embeddable":true,"href":"https:\/\/2horizontes.com\/index.php?rest_route=\/wp\/v2\/media\/5624"}],"wp:attachment":[{"href":"https:\/\/2horizontes.com\/index.php?rest_route=%2Fwp%2Fv2%2Fmedia&parent=5623"}],"wp:term":[{"taxonomy":"category","embeddable":true,"href":"https:\/\/2horizontes.com\/index.php?rest_route=%2Fwp%2Fv2%2Fcategories&post=5623"},{"taxonomy":"post_tag","embeddable":true,"href":"https:\/\/2horizontes.com\/index.php?rest_route=%2Fwp%2Fv2%2Ftags&post=5623"}],"curies":[{"name":"wp","href":"https:\/\/api.w.org\/{rel}","templated":true}]}}