{"id":56216,"date":"2016-08-26T15:41:34","date_gmt":"2016-08-26T14:41:34","guid":{"rendered":"http:\/\/2horizontes.com\/?p=56216"},"modified":"2016-08-26T15:41:34","modified_gmt":"2016-08-26T14:41:34","slug":"viceministro-boliviano-murio-por-un-derrame-cerebral-causado-por-golpes","status":"publish","type":"post","link":"https:\/\/2horizontes.com\/?p=56216","title":{"rendered":"Viceministro boliviano muri\u00f3 por un derrame cerebral causado por golpes"},"content":{"rendered":"<p>El ex viceministro boliviano de R\u00e9gimen Interior, Rodolfo Illanes, muri\u00f3 por un derrame cerebral causado por los golpes que le propinaron los mineros que lo tuvieron secuestrado durante horas, inform\u00f3 hoy la Fiscal\u00eda de La Paz.<\/p>\n<p>Un informe forense preliminar se\u00f1ala que la muerte de Illanes se debi\u00f3 a los golpes que le propinaron \u00abcon sa\u00f1a\u00bb, sobre todo en la cabeza y el t\u00f3rax, dijo el fiscal de Distrito de La Paz, Edwin Blanco, en una entrevista con el canal de televisi\u00f3n Cadena A.<\/p>\n<p>\u00abTodav\u00eda no tenemos el informe oficial (&#8230;) A grandes rasgos, se ha podido denotar una serie de equimosis m\u00faltiples, es decir (que hubo) agresi\u00f3n f\u00edsica m\u00faltiple, agresi\u00f3n en la cabeza y el t\u00f3rax. Incluso hubo un derrame cerebral y costillas fracturadas\u00bb, se\u00f1al\u00f3.<\/p>\n<p>Seg\u00fan Blanco, hubo \u00abun maltrato rudo\u00bb en contra de Illanes y \u00abha sido muy lamentable ver el cuerpo de una autoridad en esas condiciones\u00bb.<\/p>\n<p>Agreg\u00f3 que los peritos forenses contin\u00faan trabajando para dar un informe final sobre las causas del deceso, mientras que los fiscales asignados al caso empezaron desde anoche las investigaciones para establecer las responsabilidades.<\/p>\n<p>El ministro boliviano de gobierno (Interior), Carlos Romero, confirm\u00f3 la noche del jueves que Illanes fue \u00abcobarde y brutalmente asesinado\u00bb cuando estaba secuestrado por los mineros.<\/p>\n<p>El cad\u00e1ver del viceministro fue recuperado esta madrugada en una carretera de la localidad de Panduro, a 180 kil\u00f3metros de La Paz, y trasladado a la capital para que se le practique una autopsia.<\/p>\n<p>Illanes fue ayer a Panduro para abrir un espacio de di\u00e1logo con los manifestantes de las cooperativas mineras que bloqueaban desde el martes las principales carreteras bolivianas para oponerse a una ley promulgada por el presidente Evo Morales.<\/p>\n<p>Los mineros rechazan la norma porque estimula la formaci\u00f3n de sindicatos en las cooperativas, lo que consideran perjudicial para el funcionamiento de ese tipo de organizaciones.<\/p>\n<p>El presidente Morales afirm\u00f3 hoy que el asesinato de Illanes es \u00abimperdonable\u00bb y decret\u00f3 un duelo nacional de tres d\u00edas sin suspensi\u00f3n de actividades.<\/p>\n<p>El Ejecutivo dispuso, adem\u00e1s, que el velorio se realice en las pr\u00f3ximas horas en el Palacio de Gobierno en La Paz.<\/p>\n","protected":false},"excerpt":{"rendered":"<p>El ex viceministro boliviano de R\u00e9gimen Interior, Rodolfo Illanes, muri\u00f3 por un derrame cerebral causado por los golpes que le propinaron los mineros que lo tuvieron secuestrado durante horas, inform\u00f3 hoy la Fiscal\u00eda de La Paz. Un informe forense preliminar se\u00f1ala que la muerte de Illanes se debi\u00f3 a los golpes que le propinaron \u00abcon [&hellip;]<\/p>\n","protected":false},"author":13240,"featured_media":56217,"comment_status":"open","ping_status":"open","sticky":false,"template":"","format":"standard","meta":{"footnotes":""},"categories":[40,56,43],"tags":[],"class_list":["post-56216","post","type-post","status-publish","format-standard","has-post-thumbnail","hentry","category-internacionales","category-notas-luctuosas","category-politica"],"_links":{"self":[{"href":"https:\/\/2horizontes.com\/index.php?rest_route=\/wp\/v2\/posts\/56216","targetHints":{"allow":["GET"]}}],"collection":[{"href":"https:\/\/2horizontes.com\/index.php?rest_route=\/wp\/v2\/posts"}],"about":[{"href":"https:\/\/2horizontes.com\/index.php?rest_route=\/wp\/v2\/types\/post"}],"author":[{"embeddable":true,"href":"https:\/\/2horizontes.com\/index.php?rest_route=\/wp\/v2\/users\/13240"}],"replies":[{"embeddable":true,"href":"https:\/\/2horizontes.com\/index.php?rest_route=%2Fwp%2Fv2%2Fcomments&post=56216"}],"version-history":[{"count":1,"href":"https:\/\/2horizontes.com\/index.php?rest_route=\/wp\/v2\/posts\/56216\/revisions"}],"predecessor-version":[{"id":56218,"href":"https:\/\/2horizontes.com\/index.php?rest_route=\/wp\/v2\/posts\/56216\/revisions\/56218"}],"wp:featuredmedia":[{"embeddable":true,"href":"https:\/\/2horizontes.com\/index.php?rest_route=\/wp\/v2\/media\/56217"}],"wp:attachment":[{"href":"https:\/\/2horizontes.com\/index.php?rest_route=%2Fwp%2Fv2%2Fmedia&parent=56216"}],"wp:term":[{"taxonomy":"category","embeddable":true,"href":"https:\/\/2horizontes.com\/index.php?rest_route=%2Fwp%2Fv2%2Fcategories&post=56216"},{"taxonomy":"post_tag","embeddable":true,"href":"https:\/\/2horizontes.com\/index.php?rest_route=%2Fwp%2Fv2%2Ftags&post=56216"}],"curies":[{"name":"wp","href":"https:\/\/api.w.org\/{rel}","templated":true}]}}