{"id":56211,"date":"2016-08-26T15:36:32","date_gmt":"2016-08-26T14:36:32","guid":{"rendered":"http:\/\/2horizontes.com\/?p=56211"},"modified":"2016-08-26T15:36:32","modified_gmt":"2016-08-26T14:36:32","slug":"la-cervecera-ab-inbev-recortara-miles-de-empleos-en-fusion","status":"publish","type":"post","link":"https:\/\/2horizontes.com\/?p=56211","title":{"rendered":"La cervecera AB Inbev recortar\u00e1 miles de empleos en fusi\u00f3n"},"content":{"rendered":"<div class=\"detalle-texto\">\n<div class=\"text\">\n<p><b>BRUSELAS. <\/b>La cervecera m\u00e1s grande del mundo, AB Inbev, dijo el viernes que estima recortar su plantilla en aproximadamente un 3%, lo que equivale a miles de empleos, una vez complete su gran fusi\u00f3n con su rival m\u00e1s cercana, SABMiller.<\/p>\n<p>La compa\u00f1\u00eda con sede en Leuven, B\u00e9lgica, indic\u00f3 que tiene unos 150.000 trabajadores, mientras que la londinense SABMiller declar\u00f3 tener unos 70.000.<\/p>\n<p>Eso elevar\u00eda el n\u00famero de empleos a recortar a unos 6.600. Sin embargo, AB Inbev se\u00f1al\u00f3 que la estimaci\u00f3n no incluye sus departamentos de ventas y direcci\u00f3n, para las que no se han completado los planes de integraci\u00f3n.<\/p>\n<p>La compa\u00f1\u00eda espera que se pierdan empleos en la sede actual de SABMiller, ya que la nueva compa\u00f1\u00eda tendr\u00e1 sede en Leuven y Nueva York.<\/p>\n<p>El acuerdo de fusi\u00f3n de 79.000 millones de libras (104.000 millones de d\u00f3lares) ha recibido el apoyo de la junta de SAB Miller pero est\u00e1 pendiente de aprobaci\u00f3n de los inversionistas de la compa\u00f1\u00eda.<\/p>\n<\/div>\n<\/div>\n","protected":false},"excerpt":{"rendered":"<p>BRUSELAS. La cervecera m\u00e1s grande del mundo, AB Inbev, dijo el viernes que estima recortar su plantilla en aproximadamente un 3%, lo que equivale a miles de empleos, una vez complete su gran fusi\u00f3n con su rival m\u00e1s cercana, SABMiller. La compa\u00f1\u00eda con sede en Leuven, B\u00e9lgica, indic\u00f3 que tiene unos 150.000 trabajadores, mientras que [&hellip;]<\/p>\n","protected":false},"author":13240,"featured_media":56214,"comment_status":"open","ping_status":"open","sticky":false,"template":"","format":"standard","meta":{"footnotes":""},"categories":[63,86,40],"tags":[],"class_list":["post-56211","post","type-post","status-publish","format-standard","has-post-thumbnail","hentry","category-economia","category-europa","category-internacionales"],"_links":{"self":[{"href":"https:\/\/2horizontes.com\/index.php?rest_route=\/wp\/v2\/posts\/56211","targetHints":{"allow":["GET"]}}],"collection":[{"href":"https:\/\/2horizontes.com\/index.php?rest_route=\/wp\/v2\/posts"}],"about":[{"href":"https:\/\/2horizontes.com\/index.php?rest_route=\/wp\/v2\/types\/post"}],"author":[{"embeddable":true,"href":"https:\/\/2horizontes.com\/index.php?rest_route=\/wp\/v2\/users\/13240"}],"replies":[{"embeddable":true,"href":"https:\/\/2horizontes.com\/index.php?rest_route=%2Fwp%2Fv2%2Fcomments&post=56211"}],"version-history":[{"count":1,"href":"https:\/\/2horizontes.com\/index.php?rest_route=\/wp\/v2\/posts\/56211\/revisions"}],"predecessor-version":[{"id":56215,"href":"https:\/\/2horizontes.com\/index.php?rest_route=\/wp\/v2\/posts\/56211\/revisions\/56215"}],"wp:featuredmedia":[{"embeddable":true,"href":"https:\/\/2horizontes.com\/index.php?rest_route=\/wp\/v2\/media\/56214"}],"wp:attachment":[{"href":"https:\/\/2horizontes.com\/index.php?rest_route=%2Fwp%2Fv2%2Fmedia&parent=56211"}],"wp:term":[{"taxonomy":"category","embeddable":true,"href":"https:\/\/2horizontes.com\/index.php?rest_route=%2Fwp%2Fv2%2Fcategories&post=56211"},{"taxonomy":"post_tag","embeddable":true,"href":"https:\/\/2horizontes.com\/index.php?rest_route=%2Fwp%2Fv2%2Ftags&post=56211"}],"curies":[{"name":"wp","href":"https:\/\/api.w.org\/{rel}","templated":true}]}}