{"id":56194,"date":"2016-08-26T13:33:40","date_gmt":"2016-08-26T12:33:40","guid":{"rendered":"http:\/\/2horizontes.com\/?p=56194"},"modified":"2016-08-26T13:33:40","modified_gmt":"2016-08-26T12:33:40","slug":"senado-de-brasil-inicia-juicio-politico-contra-dilma-rousseff","status":"publish","type":"post","link":"https:\/\/2horizontes.com\/?p=56194","title":{"rendered":"Senado de Brasil inicia juicio pol\u00edtico contra Dilma Rousseff"},"content":{"rendered":"<p><strong>RIO DE JANEIRO (CNN) &#8211;\u00a0<\/strong>Luego del fin de la fiesta de los Ol\u00edmpicos, Brasil se enfrent\u00f3 el jueves a una triste realidad cuando\u00a0el senado abri\u00f3 el juicio pol\u00edtico contra la suspendida presidenta Dilma Rousseff.<\/p>\n<p><span id=\"more-315371\"><\/span>Ella es acusada de modificar ilegalmente cuentas antes de su reelecci\u00f3n en 2014 para ocultar un\u00a0d\u00e9ficit\u00a0en el presupuesto\u00a0y\u00a0seguir financiando programas sociales populares.<\/p>\n<div class=\"ym-wrapper\">Rousseff niega los hechos y ha calificado todo el proceso como un golpe de Estado t\u00e9cnico dirigido por pol\u00edticos implicados en una masiva investigaci\u00f3n sobre corrupci\u00f3n.<\/div>\n<p>\u00abCuando un presidente es acusado de un crimen que no cometi\u00f3, el nombre que tenemos para eso en una democracia no es un juicio pol\u00edtico, es un golpe\u00bb, dijo a periodistas en mayo luego de que el Senado vot\u00f3 a favor de iniciar los procedimientos.<\/p>\n<p>Ricardo Lewandowski, ministro de la Suprema Corte, preside el juicio, el cual tendr\u00e1 declaraciones de testigos durante los primeros dos d\u00edas. Rousseff tomar\u00e1 el estrado el lunes para presentar su defensa.<\/p>\n<p>Una votaci\u00f3n est\u00e1 programada para el pr\u00f3ximo martes, durante la cual es ampliamente esperado que Rousseff sea destituida. Se requieren 54 votos a favor, o dos tercios de los 81 senadores.<\/p>\n<p>Rouseff fue suspendida en mayo, ante lo cual asumi\u00f3 su cargo su vicepresidente Michel Temer. Si ella es destituida, Temer finalizar\u00e1 su mandado, que termina en 2018.<\/p>\n<p>El juicio pol\u00edtico contra Rousseff terminar\u00e1 con 13 a\u00f1os de gobierno del Partido de los Trabajadores, que comenz\u00f3 con Luiz Inacio Lula da Silva, un popular l\u00edder que sirvi\u00f3 durante dos mandatos.<\/p>\n<p>Rousseff, una tecn\u00f3crata que nunca hab\u00eda ganado una elecci\u00f3n, fue elegida por Lula como su sucesora. Ella fue reelegida en 2014 pero debido a la recesi\u00f3n econ\u00f3mica y los crecientes esc\u00e1ndalos de corrupci\u00f3n, su popularidad se desplom\u00f3 a solo el 10%.<\/p>\n<p>Al mismo tiempo, varios pol\u00edticos y l\u00edderes de negocios fueron arrestados, acusados de formar parte de una red de sobornos centrada en la compa\u00f1\u00eda estatal Petrobras. Rousseff fue presidenta de Petrobras durante siete a\u00f1os, pero no ha sido implicada en la investigaci\u00f3n.<\/p>\n<p>A pesar de ello, ocurrieron en todo el pa\u00eds protestas masivas \u00a0contra la corrupci\u00f3n pol\u00edtica, demandando la salida de Rousseff.<\/p>\n<p>Ella insiste en que muchos de los legisladores que la quieren destituir buscan venganza porque est\u00e1n implicados en la investigaci\u00f3n, por ejemplo Eduardo Cunha, quien renunci\u00f3 como presidente de la C\u00e1mara Baja en medio del esc\u00e1ndalo.<\/p>\n<p>Rousseff dej\u00f3 las oficinas presidenciales luego de la decisi\u00f3n tomada por el senado en mayo pero se le permiti\u00f3 seguir en la residencia presidencial en Brasilia.<\/p>\n<p>Los mercados financieros han tenido ganancias debido a la posibilidad de una destituci\u00f3n, pero los problemas financieros y pol\u00edticos de Brasil est\u00e1n lejos de terminarse.<\/p>\n<p>Si es confirmado como presidente, Temer deber\u00e1 cortar el d\u00e9ficit y sacar a la econom\u00eda de la peor recesi\u00f3n en d\u00e9cadas.<\/p>\n","protected":false},"excerpt":{"rendered":"<p>RIO DE JANEIRO (CNN) &#8211;\u00a0Luego del fin de la fiesta de los Ol\u00edmpicos, Brasil se enfrent\u00f3 el jueves a una triste realidad cuando\u00a0el senado abri\u00f3 el juicio pol\u00edtico contra la suspendida presidenta Dilma Rousseff. Ella es acusada de modificar ilegalmente cuentas antes de su reelecci\u00f3n en 2014 para ocultar un\u00a0d\u00e9ficit\u00a0en el presupuesto\u00a0y\u00a0seguir financiando programas sociales [&hellip;]<\/p>\n","protected":false},"author":7,"featured_media":56195,"comment_status":"open","ping_status":"open","sticky":false,"template":"","format":"standard","meta":{"footnotes":""},"categories":[40],"tags":[],"class_list":["post-56194","post","type-post","status-publish","format-standard","has-post-thumbnail","hentry","category-internacionales"],"_links":{"self":[{"href":"https:\/\/2horizontes.com\/index.php?rest_route=\/wp\/v2\/posts\/56194","targetHints":{"allow":["GET"]}}],"collection":[{"href":"https:\/\/2horizontes.com\/index.php?rest_route=\/wp\/v2\/posts"}],"about":[{"href":"https:\/\/2horizontes.com\/index.php?rest_route=\/wp\/v2\/types\/post"}],"author":[{"embeddable":true,"href":"https:\/\/2horizontes.com\/index.php?rest_route=\/wp\/v2\/users\/7"}],"replies":[{"embeddable":true,"href":"https:\/\/2horizontes.com\/index.php?rest_route=%2Fwp%2Fv2%2Fcomments&post=56194"}],"version-history":[{"count":1,"href":"https:\/\/2horizontes.com\/index.php?rest_route=\/wp\/v2\/posts\/56194\/revisions"}],"predecessor-version":[{"id":56196,"href":"https:\/\/2horizontes.com\/index.php?rest_route=\/wp\/v2\/posts\/56194\/revisions\/56196"}],"wp:featuredmedia":[{"embeddable":true,"href":"https:\/\/2horizontes.com\/index.php?rest_route=\/wp\/v2\/media\/56195"}],"wp:attachment":[{"href":"https:\/\/2horizontes.com\/index.php?rest_route=%2Fwp%2Fv2%2Fmedia&parent=56194"}],"wp:term":[{"taxonomy":"category","embeddable":true,"href":"https:\/\/2horizontes.com\/index.php?rest_route=%2Fwp%2Fv2%2Fcategories&post=56194"},{"taxonomy":"post_tag","embeddable":true,"href":"https:\/\/2horizontes.com\/index.php?rest_route=%2Fwp%2Fv2%2Ftags&post=56194"}],"curies":[{"name":"wp","href":"https:\/\/api.w.org\/{rel}","templated":true}]}}