{"id":56188,"date":"2016-08-26T13:24:28","date_gmt":"2016-08-26T12:24:28","guid":{"rendered":"http:\/\/2horizontes.com\/?p=56188"},"modified":"2016-08-26T13:24:28","modified_gmt":"2016-08-26T12:24:28","slug":"apoyo-internacional-unanime-a-historico-acuerdo-de-paz-en-colombia","status":"publish","type":"post","link":"https:\/\/2horizontes.com\/?p=56188","title":{"rendered":"Apoyo internacional un\u00e1nime a \u00abhist\u00f3rico\u00bb acuerdo de paz en Colombia"},"content":{"rendered":"<div id=\"ArticleAuthorDiv\" class=\"article-body-author\"><b>EFE<\/b><\/div>\n<div id=\"ArticleSourceDiv\" class=\"article-body-author\"><b>Bogot\u00e1<\/b><\/div>\n<div id=\"ArticleBody\">\n<p>El acuerdo alcanzado entre el Gobierno colombiano y las FARC fue calificado hoy como un paso hist\u00f3rico por gobernantes, l\u00edderes pol\u00edticos y sociales y organismos internacionales, que tambi\u00e9n ofrecieron su apoyo para que la paz en Colombia sea justa y duradera.<\/p>\n<p>El acuerdo de paz fue rubricado ayer en La Habana por los jefes negociadores del Gobierno y de las Fuerzas Armadas Revolucionarias de Colombia (FARC), y representantes de Cuba y Noruega, pa\u00edses garantes en el proceso, que se desarroll\u00f3 en la capital cubana desde noviembre de 2012.<\/p>\n<p>El presidente de Venezuela, Nicol\u00e1s Maduro, cuyo pa\u00eds actu\u00f3 como acompa\u00f1ante del proceso, dijo que Colombia puede contar \u00abcon todo el apoyo para construir la paz\u00bb.<\/p>\n<p>La presidenta de Chile, Michelle Bachelet, el otro pa\u00eds acompa\u00f1ante, le reiter\u00f3 a Santos la disponibilidad de su pa\u00eds para formar parte de la comisi\u00f3n de verificaci\u00f3n y vigilancia de los acuerdos firmados en La Habana.<\/p>\n<p>Noruega expres\u00f3 que \u00abel acuerdo pretende solucionar muchos de los retos b\u00e1sicos que llevaron al conflicto facilitando una participaci\u00f3n pol\u00edtica amplia, acceso a la tierra y alternativas a la producci\u00f3n de coca\u00bb.<\/p>\n<p>El presidente ecuatoriano, Rafael Correa, asegur\u00f3 que su hom\u00f3logo colombiano, Juan Manuel Santos, pasar\u00e1 a la historia por haber firmado la paz con las FARC y dijo que \u00abDios quiera que triunfe en el referendo\u00bb con el que se refrendar\u00eda el acuerdo de paz.<\/p>\n<p>\u00abEl di\u00e1logo y la negociaci\u00f3n han triunfado en Colombia. Ha vencido la paz y hemos ganado todas y todos. \u00a1Felicidades Colombia!\u00bb, dijo el mandatario boliviano, Evo Morales.<\/p>\n<p>El Gobierno canadiense dijo que \u00abel acuerdo establece los cimientos para la paz y prosperidad futura de todos los colombianos. El \u00e9xito de estos esfuerzos muestra que, a trav\u00e9s del di\u00e1logo, la paz es posible\u00bb.<\/p>\n<p>El secretario general de la Organizaci\u00f3n de Estados Americanos (OEA), Luis Almagro, reiter\u00f3 que el organismo est\u00e1 preparado para acompa\u00f1ar el posconflicto\u00bb<\/p>\n<p>La candidata dem\u00f3crata a la Casa Blanca, Hillary Clinton, asegur\u00f3 que tras m\u00e1s de 50 a\u00f1os de guerra, \u00abun d\u00eda nuevo amanecer\u00e1 en Colombia\u00bb y agreg\u00f3 que si es elegida presidenta, se asegurar\u00e1 de que Estados Unidos \u00absiga siendo un socio durante ese proceso\u00bb.<\/p>\n<p>La jefa de la diplomacia europea, Federica Mogherini, manifest\u00f3 su satisfacci\u00f3n con la que la Uni\u00f3n Europea (UE) acoge el acuerdo, una \u00aboportunidad hist\u00f3rica y \u00fanica\u00bb cuya implementaci\u00f3n no est\u00e1 exenta de \u00abretos\u00bb.<\/p>\n<p>Record\u00f3 tambi\u00e9n que la UE prestar\u00e1 apoyo a la ejecuci\u00f3n del proceso de paz con un paquete valorado en 575 millones de euros.<\/p>\n<p>La Izquierda Unitaria Europea\/Izquierda Verde N\u00f3rdica calific\u00f3 de \u00abmomento hist\u00f3rico\u00bb el acuerdo de paz y pidi\u00f3 a la UE que elimine a las FARC de la lista de organizaciones terroristas y apoye econ\u00f3micamente la fase del postconflicto.<\/p>\n<p>Human Rights Watch (HRW) asegur\u00f3 que el acuerdo es una \u00aboportunidad sin precedentes\u00bb para reducir las violaciones de los derechos humanos, pero advirti\u00f3 que tiene \u00abgraves defectos\u00bb, especialmente en lo referente a las v\u00edctimas, pues \u00abpodr\u00eda garantizar la impunidad de los responsables de violaciones de derechos humanos y cr\u00edmenes de guerra\u00bb.<\/p>\n<p>El Comit\u00e9 Internacional de la Cruz Roja (CICR) celebr\u00f3 el acuerdo, pero advirti\u00f3 de las \u00abprofundas huellas\u00bb que han dejado m\u00e1s de 50 a\u00f1os de conflicto armado y de que hay que \u00abaliviar el sufrimiento\u00bb de las v\u00edctimas.<\/p>\n<p>El Gobierno espa\u00f1ol record\u00f3 que \u00abEspa\u00f1a, que ha apoyado los esfuerzos por la paz en Colombia tanto ahora como en anteriores procesos, seguir\u00e1 acompa\u00f1ando en la etapa de consolidaci\u00f3n de la paz que se inicia hoy\u00bb.<\/p>\n<p>El presidente de Francia, Fran\u00e7ois Hollande, felicit\u00f3 a Santos \u00abpor la conclusi\u00f3n de un acuerdo de paz global y definitivo entre su Gobierno y las FARC\u00bb.<\/p>\n<p>\u00abEn tiempos de tantas crisis y conflictos, la noticia de Colombia es mucho m\u00e1s que un rayo de luz. Es un momento hist\u00f3rico para Colombia y toda Am\u00e9rica Latina\u00bb, se\u00f1al\u00f3 el Gobierno alem\u00e1n.<\/p>\n<p>La secretaria general Iberoamericana, Rebeca Grynspan, calific\u00f3 el acuerdo como \u00abuno de los eventos m\u00e1s importantes de la historia reciente de Am\u00e9rica Latina\u00bb.<\/p>\n<p>\u00abNos llena de esperanza a todos que el conflicto armado m\u00e1s largo de Latinoam\u00e9rica pueda terminarse finalmente. Especialmente en un momento en el que los conflictos y las guerras en otras partes del mundo parecen aumentar y continuar\u00bb, dijo el presidente de la Asamblea General de la ONU, Mogens Lykketoft.<\/p>\n<div id=\"FIOnDemandWrapper_fiInstance_101888_19_4867876\" class=\"FIOnDemandWrapper\"><\/div>\n<p>Paraguay felicit\u00f3 al presidente Santos \u00abpor este significativo avance, que es el resultado de una firme y definida voluntad pol\u00edtica\u00bb.<\/p>\n<p>El Gobierno portugu\u00e9s dijo que ahora corresponde a los colombianos tomar una decisi\u00f3n hist\u00f3rica sobre la soluci\u00f3n a un \u00ablargo y doloroso conflicto\u00bb.<\/p>\n<p>El acuerdo \u00abconstituye un paso hist\u00f3rico que contribuir\u00e1 a traer prosperidad no s\u00f3lo a Colombia sino tambi\u00e9n a toda la regi\u00f3n, consolid\u00e1ndola como una zona de paz\u00bb, destac\u00f3 el Gobierno argentino.<\/p>\n<p>Queda pendiente ahora la firma del acuerdo en un acto que tendr\u00e1 lugar en Colombia en una fecha a\u00fan por concretar y ah\u00ed empezar\u00e1 la cuenta atr\u00e1s de 180 d\u00edas para que las FARC abandonen la lucha armada.<\/p>\n<p>El acuerdo ser\u00e1 adem\u00e1s sometido a un plebiscito que se celebrar\u00e1 el 2 de octubre y en el que los colombianos tendr\u00e1n la oportunidad de refrendarlo o rechazarlo.<\/p>\n<\/div>\n","protected":false},"excerpt":{"rendered":"<p>EFE Bogot\u00e1 El acuerdo alcanzado entre el Gobierno colombiano y las FARC fue calificado hoy como un paso hist\u00f3rico por gobernantes, l\u00edderes pol\u00edticos y sociales y organismos internacionales, que tambi\u00e9n ofrecieron su apoyo para que la paz en Colombia sea justa y duradera. El acuerdo de paz fue rubricado ayer en La Habana por los [&hellip;]<\/p>\n","protected":false},"author":7,"featured_media":56189,"comment_status":"open","ping_status":"open","sticky":false,"template":"","format":"standard","meta":{"footnotes":""},"categories":[40],"tags":[],"class_list":["post-56188","post","type-post","status-publish","format-standard","has-post-thumbnail","hentry","category-internacionales"],"_links":{"self":[{"href":"https:\/\/2horizontes.com\/index.php?rest_route=\/wp\/v2\/posts\/56188","targetHints":{"allow":["GET"]}}],"collection":[{"href":"https:\/\/2horizontes.com\/index.php?rest_route=\/wp\/v2\/posts"}],"about":[{"href":"https:\/\/2horizontes.com\/index.php?rest_route=\/wp\/v2\/types\/post"}],"author":[{"embeddable":true,"href":"https:\/\/2horizontes.com\/index.php?rest_route=\/wp\/v2\/users\/7"}],"replies":[{"embeddable":true,"href":"https:\/\/2horizontes.com\/index.php?rest_route=%2Fwp%2Fv2%2Fcomments&post=56188"}],"version-history":[{"count":1,"href":"https:\/\/2horizontes.com\/index.php?rest_route=\/wp\/v2\/posts\/56188\/revisions"}],"predecessor-version":[{"id":56190,"href":"https:\/\/2horizontes.com\/index.php?rest_route=\/wp\/v2\/posts\/56188\/revisions\/56190"}],"wp:featuredmedia":[{"embeddable":true,"href":"https:\/\/2horizontes.com\/index.php?rest_route=\/wp\/v2\/media\/56189"}],"wp:attachment":[{"href":"https:\/\/2horizontes.com\/index.php?rest_route=%2Fwp%2Fv2%2Fmedia&parent=56188"}],"wp:term":[{"taxonomy":"category","embeddable":true,"href":"https:\/\/2horizontes.com\/index.php?rest_route=%2Fwp%2Fv2%2Fcategories&post=56188"},{"taxonomy":"post_tag","embeddable":true,"href":"https:\/\/2horizontes.com\/index.php?rest_route=%2Fwp%2Fv2%2Ftags&post=56188"}],"curies":[{"name":"wp","href":"https:\/\/api.w.org\/{rel}","templated":true}]}}