{"id":56092,"date":"2016-08-25T11:16:11","date_gmt":"2016-08-25T10:16:11","guid":{"rendered":"http:\/\/2horizontes.com\/?p=56092"},"modified":"2016-08-25T11:16:11","modified_gmt":"2016-08-25T10:16:11","slug":"ataque-a-una-universidad-de-kabul-termina-con-15-muertos","status":"publish","type":"post","link":"https:\/\/2horizontes.com\/?p=56092","title":{"rendered":"Ataque a una universidad de Kabul termina con 15 muertos"},"content":{"rendered":"<p><strong>Kabul<\/strong><\/p>\n<p><strong>(CNN) &#8211;<\/strong> Doce personas, incluidos tres atacantes, murieron en un asalto\u00a0a una universidad en Kabul, la capital afgana, dijo a CNN un portavoz del jefe de polic\u00eda.<\/p>\n<p>Siete estudiantes, tres polic\u00edas y dos guardias de seguridad murieron en el ataque en el campus de la Universidad Americana, dijo Basir Mujahid.<\/p>\n<p>Alrededor de 750 estudiantes estaban en\u00a0clase\u00a0al momento del ataque, a\u00f1adi\u00f3.<\/p>\n<p>La polic\u00eda registr\u00f3 la Universidad Americana de Afganist\u00e1n este\u00a0jueves temprano y mat\u00f3 a dos atacantes que irrumpieron en el campus con armas de fuego y explosivos, dijo a AFP Fraidoon Obaidi, jefe del departamento de investigaci\u00f3n criminal de la polic\u00eda de Kabul. El otro atacante muri\u00f3 en una explosi\u00f3n suicida afuera del campus.<\/p>\n<p>\u00abHemos terminado nuestra operaci\u00f3n. Dos atacantes fueron abatidos a tiros\u00bb, dijo Obaidi aproximadamente 10 horas despu\u00e9s de que comenzara el asalto.<\/p>\n<p>Los atacantes detonaron explosivos y dispararon armas de fuego, seg\u00fan testigos, haciendo que algunos estudiantes y profesores huyeran. Otros se escondieron dentro de los edificios, dijo un alto funcionario del Departamento de Estado a CNN.<\/p>\n<p>Ning\u00fan grupo se atribuy\u00f3 de inmediato la responsabilidad. El gobierno afgano, con el apoyo de las autoridades estadounidenses, lleva a\u00f1os\u00a0luchando contra los talibanes.<\/p>\n<p>A pesar de su nombre, pocos estadounidenses estudian en la universidad, dijo un alto funcionario del Departamento de Estado de Estados Unidos a CNN. Sin embargo, varios\u00a0estadounidenses trabajan\u00a0en la facultad, que\u00a0es considerada como un s\u00edmbolo de la cooperaci\u00f3n entre Afganist\u00e1n y Estados Unidos.<\/p>\n<p><strong>\u00abEl momento m\u00e1s aterrador de mi vida\u00bb<\/strong><\/p>\n<p>Ahmad Samin, profesor asociado de Qu\u00edmica de la Universidad Americana de Afganist\u00e1n en Kabul estaba dando clase cuando empez\u00f3 el ataque. En ese momento todas las luces parecieron desvanecerse, le relat\u00f3 a CNN.<\/p>\n<p>\u201cEstaba muy oscuro y todo el mundo estaba corriendo. Todos empezaron a gritar\u201d, dijo y a\u00f1adi\u00f3 que corri\u00f3 junto con otros estudiantes y profesores.<\/p>\n<p>El docente cree que los atacantes golpearon la puerta de entrada de la universidad con un carro. Dice que vio humo negro mientras corr\u00eda: \u201cEl humo entr\u00f3 a mi boca\u201d, dijo.<\/p>\n<p>Dos de sus estudiantes lo llamaron luego del ataque para decirle que resultaron heridos. Uno de ellos qued\u00f3 herido en la espalda y el otro, en la pierna.<\/p>\n<p>El profesor no sabe si sus estudiantes resultaron heridos con balas u otra cosa y no ha podido comunicarse con ninguno de ellos desde la primera llamada telef\u00f3nica.<\/p>\n<p>Mientras corr\u00eda, en lo \u00fanico que pensaba era en su familia, dijo.<\/p>\n<p>\u201cFue el momento m\u00e1s aterrador de mi vida. S\u00f3lo pensaba en mis hijos que est\u00e1n en Estados Unidos\u201d, le dijo Samin a CNN.<\/p>\n<p><strong>Temores de seguridad\u00a0<\/strong><\/p>\n<p>La escuela abri\u00f3 en 2006. Es la \u00fanica universidad de educaci\u00f3n mixta\u00a0y\u00a0sin fines de lucro privada en el pa\u00eds y cuenta con unos 1.700 estudiantes a tiempo completo o parcial.<\/p>\n<p>La universidad es una asociaci\u00f3n muy estrecha entre Estados Unidos y Afganist\u00e1n, y un s\u00edmbolo importante de la colaboraci\u00f3n entre los dos pa\u00edses, dijo el funcionario del Departamento de Estado.<\/p>\n<p>Se considera una escuela de \u00e9lite que representa la moderna y moderada Afganist\u00e1n, donde han estudiado muchos funcionarios del gobierno afgano y de la organizaci\u00f3n no gubernamental.\u00a0Estados Unidos financia un bajo n\u00famero de becas para los afganos, incluyendo a muchas de las mujeres.<\/p>\n<p>El ataque ocurre a menos de tres semanas de que la escuela se vio obligada a <a href=\"http:\/\/cnnespanol.cnn.com\/2016\/08\/09\/universidad-afgana-cerrada-tras-el-secuestro-de-dos-academicos-extranjeros\/\">suspender las operaciones<\/a>\u00a0despu\u00e9s de que dos profesores,\u00a0un americano y australiano, fueron secuestrados a punta de pistola. Se desconoce su paradero.<\/p>\n<p>Una ola de secuestros y atentados talibanes han aumentado los temores de seguridad en la capital afgana. Diplom\u00e1ticos estadounidenses y otros han prohibido viajar por carretera la corta distancia desde el aeropuerto internacional de\u00a0Kabul\u00a0a sus misiones diplom\u00e1ticas. Utilizan el\u00a0helic\u00f3ptero para estos traslados.<\/p>\n<p>Muchos pa\u00edses, incluyendo Estados Unidos y el Reino Unido, tienen advertencias de larga data contra todo viaje no esencial a Afganist\u00e1n a causa de la situaci\u00f3n de seguridad.<\/p>\n","protected":false},"excerpt":{"rendered":"<p>Kabul (CNN) &#8211; Doce personas, incluidos tres atacantes, murieron en un asalto\u00a0a una universidad en Kabul, la capital afgana, dijo a CNN un portavoz del jefe de polic\u00eda. Siete estudiantes, tres polic\u00edas y dos guardias de seguridad murieron en el ataque en el campus de la Universidad Americana, dijo Basir Mujahid. Alrededor de 750 estudiantes [&hellip;]<\/p>\n","protected":false},"author":7,"featured_media":56093,"comment_status":"open","ping_status":"open","sticky":false,"template":"","format":"standard","meta":{"footnotes":""},"categories":[40],"tags":[],"class_list":["post-56092","post","type-post","status-publish","format-standard","has-post-thumbnail","hentry","category-internacionales"],"_links":{"self":[{"href":"https:\/\/2horizontes.com\/index.php?rest_route=\/wp\/v2\/posts\/56092","targetHints":{"allow":["GET"]}}],"collection":[{"href":"https:\/\/2horizontes.com\/index.php?rest_route=\/wp\/v2\/posts"}],"about":[{"href":"https:\/\/2horizontes.com\/index.php?rest_route=\/wp\/v2\/types\/post"}],"author":[{"embeddable":true,"href":"https:\/\/2horizontes.com\/index.php?rest_route=\/wp\/v2\/users\/7"}],"replies":[{"embeddable":true,"href":"https:\/\/2horizontes.com\/index.php?rest_route=%2Fwp%2Fv2%2Fcomments&post=56092"}],"version-history":[{"count":1,"href":"https:\/\/2horizontes.com\/index.php?rest_route=\/wp\/v2\/posts\/56092\/revisions"}],"predecessor-version":[{"id":56094,"href":"https:\/\/2horizontes.com\/index.php?rest_route=\/wp\/v2\/posts\/56092\/revisions\/56094"}],"wp:featuredmedia":[{"embeddable":true,"href":"https:\/\/2horizontes.com\/index.php?rest_route=\/wp\/v2\/media\/56093"}],"wp:attachment":[{"href":"https:\/\/2horizontes.com\/index.php?rest_route=%2Fwp%2Fv2%2Fmedia&parent=56092"}],"wp:term":[{"taxonomy":"category","embeddable":true,"href":"https:\/\/2horizontes.com\/index.php?rest_route=%2Fwp%2Fv2%2Fcategories&post=56092"},{"taxonomy":"post_tag","embeddable":true,"href":"https:\/\/2horizontes.com\/index.php?rest_route=%2Fwp%2Fv2%2Ftags&post=56092"}],"curies":[{"name":"wp","href":"https:\/\/api.w.org\/{rel}","templated":true}]}}