{"id":5609,"date":"2015-05-04T23:05:51","date_gmt":"2015-05-04T22:05:51","guid":{"rendered":"http:\/\/2horizontes.com\/?p=5609"},"modified":"2015-05-05T16:30:56","modified_gmt":"2015-05-05T15:30:56","slug":"lo-que-el-mundo-moderno-puede-aprender-de-los-aislados-yanomami","status":"publish","type":"post","link":"https:\/\/2horizontes.com\/?p=5609","title":{"rendered":"Lo que el mundo moderno puede aprender de los aislados yanomami"},"content":{"rendered":"<p class=\"story-body__introduction\">El abrumador aumento de condiciones como el asma, la diabetes y la obesidad frecuentemente es atribuido al estilo de vida moderno sin pruebas contundentes de que nuestros ancestros tambi\u00e9n sufr\u00edan de estos mismos malestares&#8230; hasta ahora.<\/p>\n<p>En 2008, un helic\u00f3ptero militar se top\u00f3 por casualidad con un inexplorado grupo de chozas en una remota regi\u00f3n amaz\u00f3nica en el sur de Venezuela. Era un asentamiento yanomami de 15.000 personas.<\/p>\n<p>Se estima que han vivido completamente aislados desde que sus ancestros llegaron hasta Sudam\u00e9rica despu\u00e9s de la \u00faltima edad de hielo.<\/p>\n<p>Esta poblaci\u00f3n parcialmente n\u00f3mada de cazadores recolectores nunca ha estado expuesta a la civilizaci\u00f3n moderna y, por ende, tampoco lo han estado sus intestinos.<\/p>\n<p>La comunidad caza peque\u00f1as aves y mam\u00edferos, al igual que ranas y peces y, de cuando en vez, un tapir. Tambi\u00e9n consumen bananas silvestres, pl\u00e1tanos y yuca.<\/p>\n<p>El agua es recolectada de un arroyo que queda a unos cinco minutos a pie de la aldea.<\/p>\n<p>Un grupo internacional de cient\u00edficos estudi\u00f3 el grupo, cuya locaci\u00f3n exacta permanece protegida, para ver qu\u00e9 microorganismo viven con -y dentro de- ellos.<\/p>\n<p>Algunos microbios causan enfermedades, pero la mayor\u00eda son completamente inocuos y los humanos no podr\u00edan vivir sin estos.<\/p>\n<p>Los microbios con los que nacemos, que principalmente provienen del canal del parto de nuestras madres, conforman la base de un microbioma que llevamos toda la vida.<\/p>\n<p>Estamos literalmente invadidos por ellos, dentro y afuera. Pero la vida moderna puede alterar esta composici\u00f3n microbiana.<\/p>\n<p>El uso de antibi\u00f3ticos, alimentos procesados y el jab\u00f3n puede haber contribuido a una menor diversidad de nuestros microbios, seg\u00fan el doctor Gautam Dantas, de la Escuela de Medicina Washington, uno de los investigadores que estudi\u00f3 a los yanomami.<\/p>\n<h2 class=\"story-body__crosshead\">Microbios en equilibrio<\/h2>\n<figure class=\"media-landscape body-narrow-width has-caption\"><img loading=\"lazy\" decoding=\"async\" class=\"js-image-replace\" src=\"http:\/\/ichef.bbci.co.uk\/news\/ws\/304\/amz\/worldservice\/live\/assets\/images\/2015\/05\/03\/150503112345_yanomami_danza_304x171_ap.jpg\" alt=\"Yanomami\" width=\"304\" height=\"171\" \/><figcaption class=\"media-caption\"><span class=\"media-caption__text\">Los yanomami permitieron el an\u00e1lisis de los microbios en su boca, piel e intestinos.<\/span><\/figcaption><\/figure>\n<p>El doctor Dantas, cuyo estudio se public\u00f3 en Microbial Ecology, dice que es l\u00f3gico relacionar este comportamiento con el incremento de \u00abnuevas\u00bb enfermedades como el asma, la enfermedad inflamatoria intestinal y la diabetes.<\/p>\n<p>Mar\u00eda Gloria Dom\u00ednguez Bello, de la Escuela de Medicina de la Universidad de Nueva York, analiz\u00f3 microbios de los yanomami y los compar\u00f3 con los de grupos modernos occidentales.<\/p>\n<p>La doctora Dom\u00ednguez Bello considera que la infancia es un per\u00edodo importante para preparar el sistema inmune, cuando se puede aprender a distinguir cu\u00e1les son los microbios buenos y cu\u00e1les se deben combatir.<\/p>\n<p>Se\u00f1ala que los menores estadounidenses reciben, en promedio, dos tratamientos de antibi\u00f3ticos en su primer a\u00f1o de vida y que uno de cada tres nace por ces\u00e1rea.<\/p>\n<p>En Brasil, por su parte, uno de cada dos beb\u00e9s nace por ces\u00e1rea.<\/p>\n<p>Dom\u00ednguez Bello dice: \u00abSi se altera esa bacteria buena, podr\u00eda ser que el sistema inmune del beb\u00e9 quede mal preparado y responda incorrectamente a otros agentes y bacterias\u00bb.<\/p>\n<p>Los yanomami permitieron que los microbios de sus bocas, piel y heces fueran analizados por el equipo de investigadores internacionales.<\/p>\n<figure class=\"media-landscape full-width has-caption\"><img loading=\"lazy\" decoding=\"async\" class=\"js-image-replace\" src=\"http:\/\/ichef.bbci.co.uk\/news\/ws\/624\/amz\/worldservice\/live\/assets\/images\/2015\/05\/03\/150503113015_yanomami_comunidad_624x351_getty.jpg\" alt=\"Yanomami\" width=\"624\" height=\"351\" \/><figcaption class=\"media-caption\"><span class=\"media-caption__text\">El intestino de los yanomami tiene 40% m\u00e1s diversidad bacteriana que el de la gente moderna urbana.<\/span><\/figcaption><\/figure>\n<p>La doctora Dom\u00ednguez Bello se sorprendi\u00f3 con los resultados. Los microbios de la piel y los intestinos eran 40% m\u00e1s diversos que los de la gente urbana moderna.<\/p>\n<p>\u00abLa diversidad en el intestino es realmente impactante, y creemos que \u00e9sta juega muchos papeles importantes en la digesti\u00f3n y en la comunicaci\u00f3n con el sistema inmune\u00bb, explica.<\/p>\n<p>\u00abQueremos conocer cu\u00e1les bacterias hemos perdido y cu\u00e1les eran sus funciones y si podemos recuperarlas eventualmente.\u00bb<\/p>\n<p>En contraste, los microbios encontrados en las bocas de los yanomami ten\u00edan un equilibrio similar a los de los grupos urbanos modernos, lo que algunos investigadores explican como el resultado del h\u00e1bito que tienen los ind\u00edgenas de mascar tabaco -un leve antis\u00e9ptico- desde temprana edad.<\/p>\n<h2 class=\"story-body__crosshead\">Resistencia antibi\u00f3tica<\/h2>\n<p>Otro descubrimiento importante fue que los microbios de los yanomami tienen genes resistentes a los antibi\u00f3ticos a pesar de nunca haber entrado en contacto con f\u00e1rmacos modernos, aunque estos genes no est\u00e1n activados.<\/p>\n<p>El doctor Dantas dice que encontraron seis genes resistentes.<\/p>\n<figure class=\"media-landscape full-width has-caption\"><img loading=\"lazy\" decoding=\"async\" class=\"js-image-replace\" src=\"http:\/\/ichef.bbci.co.uk\/news\/ws\/624\/amz\/worldservice\/live\/assets\/images\/2015\/05\/03\/150503112238_chozas_yanomami_624x351_reuters.jpg\" alt=\"Chozas yanomami\" width=\"624\" height=\"351\" \/><figcaption class=\"media-caption\"><span class=\"media-caption__text\">El asentamiento, cerca del nacimiento del r\u00edo Orinoco fue detectado por un helic\u00f3ptero militar.<\/span><\/figcaption><\/figure>\n<p>\u00abLa resistencia antibi\u00f3tica es una caracter\u00edstica natural de las bacterias en el cuerpo humano. No es algo generado por el uso de antibi\u00f3ticos, aunque s\u00ed se amplifica cuando se toma antibi\u00f3ticos\u00bb.<\/p>\n<p>Este microbioma \u00abde referencia\u00bb del aislado pueblo yanomami tambi\u00e9n ha sido comparado con otros pueblos de cazadores recolectores de Malawi, como tambi\u00e9n con los amerindios guahibos, cuyas poblaciones est\u00e1n haciendo la transici\u00f3n hacia la vida urbana con acceso a cuidados m\u00e9dicos y cambios en su agricultura.<\/p>\n<p>Se encontr\u00f3 que entre m\u00e1s expuestos est\u00e1n a la vida moderna, menos diverso es el microbioma.<\/p>\n<p>Dantas indica que se necesitan m\u00e1s estudios para entender el papel de estos genes resistentes, para entender el efecto que tienen sobre el sistema inmunol\u00f3gico y el metabolismo.<\/p>\n<p>Una vez se sepa esto, \u00bfpodr\u00edamos simplemente \u00abrecargar\u00bb nuestros microbios para reducir el impacto de la vida moderna?<\/p>\n<p>El doctor Dantes piensa que habr\u00e1 un inter\u00e9s comercial en el desarrollo de compuestos sint\u00e9ticos que modulen los efectos de la vida moderna.<\/p>\n<p>Todav\u00eda cree, sin embargo, que tenemos una responsabilidad de reducir nuestro uso de antibi\u00f3ticos y tal vez no ser tan obsesivos con la limpieza.<\/p>\n<p>&nbsp;<\/p>\n<p><span class=\"byline__name\">Redacci\u00f3n<\/span><span class=\"byline__title\">BBC Mundo<\/span><\/p>\n","protected":false},"excerpt":{"rendered":"<p>El abrumador aumento de condiciones como el asma, la diabetes y la obesidad frecuentemente es atribuido al estilo de vida moderno sin pruebas contundentes de que nuestros ancestros tambi\u00e9n sufr\u00edan de estos mismos malestares&#8230; hasta ahora. En 2008, un helic\u00f3ptero militar se top\u00f3 por casualidad con un inexplorado grupo de chozas en una remota regi\u00f3n [&hellip;]<\/p>\n","protected":false},"author":4,"featured_media":5612,"comment_status":"open","ping_status":"open","sticky":false,"template":"","format":"standard","meta":{"footnotes":""},"categories":[62],"tags":[],"class_list":["post-5609","post","type-post","status-publish","format-standard","has-post-thumbnail","hentry","category-cultura"],"_links":{"self":[{"href":"https:\/\/2horizontes.com\/index.php?rest_route=\/wp\/v2\/posts\/5609","targetHints":{"allow":["GET"]}}],"collection":[{"href":"https:\/\/2horizontes.com\/index.php?rest_route=\/wp\/v2\/posts"}],"about":[{"href":"https:\/\/2horizontes.com\/index.php?rest_route=\/wp\/v2\/types\/post"}],"author":[{"embeddable":true,"href":"https:\/\/2horizontes.com\/index.php?rest_route=\/wp\/v2\/users\/4"}],"replies":[{"embeddable":true,"href":"https:\/\/2horizontes.com\/index.php?rest_route=%2Fwp%2Fv2%2Fcomments&post=5609"}],"version-history":[{"count":2,"href":"https:\/\/2horizontes.com\/index.php?rest_route=\/wp\/v2\/posts\/5609\/revisions"}],"predecessor-version":[{"id":5713,"href":"https:\/\/2horizontes.com\/index.php?rest_route=\/wp\/v2\/posts\/5609\/revisions\/5713"}],"wp:featuredmedia":[{"embeddable":true,"href":"https:\/\/2horizontes.com\/index.php?rest_route=\/wp\/v2\/media\/5612"}],"wp:attachment":[{"href":"https:\/\/2horizontes.com\/index.php?rest_route=%2Fwp%2Fv2%2Fmedia&parent=5609"}],"wp:term":[{"taxonomy":"category","embeddable":true,"href":"https:\/\/2horizontes.com\/index.php?rest_route=%2Fwp%2Fv2%2Fcategories&post=5609"},{"taxonomy":"post_tag","embeddable":true,"href":"https:\/\/2horizontes.com\/index.php?rest_route=%2Fwp%2Fv2%2Ftags&post=5609"}],"curies":[{"name":"wp","href":"https:\/\/api.w.org\/{rel}","templated":true}]}}