{"id":56051,"date":"2016-08-24T16:03:02","date_gmt":"2016-08-24T15:03:02","guid":{"rendered":"http:\/\/2horizontes.com\/?p=56051"},"modified":"2016-08-24T16:03:02","modified_gmt":"2016-08-24T15:03:02","slug":"turquia-lanza-una-ofensiva-contra-isis-en-siria","status":"publish","type":"post","link":"https:\/\/2horizontes.com\/?p=56051","title":{"rendered":"Turqu\u00eda lanza una ofensiva contra ISIS en Siria"},"content":{"rendered":"<p><strong>Turqu\u00eda<\/strong><\/p>\n<p><span class=\"goog-text-highlight\"><strong>(CNN) &#8211;<\/strong> Turqu\u00eda puso en marcha\u00a0una operaci\u00f3n militar contra ISIS en el norte de Siria,\u00a0inform\u00f3\u00a0la prensa estatal turca.<\/span><\/p>\n<p>El objetivo es asegurar el territorio a lo largo de su frontera con Siria frente a\u00a0la amenaza de ISIS, dijeron funcionarios turcos a la agencia semioficial Anadolu.<\/p>\n<p>Unidades de artiller\u00eda y aviones de guerra turcos pertenecientes a la coalici\u00f3n liderada por Estados Unidos atacaron el pueblo sirio de Jarablus, bajo control de ISIS, en las primeras horas del mi\u00e9rcoles.<\/p>\n<p>Tanques turcos y unidades de fuerzas especiales tambi\u00e9n est\u00e1n operando a lo largo de la frontera, inform\u00f3 CNN Turk.<\/p>\n<p>Jarablus se encuentra a lo largo de la orilla oeste del r\u00edo \u00c9ufrates, a menos de un kil\u00f3metro de Turqu\u00eda. Es la \u00faltima ciudad importante en poder de ISIS en la frontera sirio-turca.<\/p>\n<p>Turqu\u00eda se ha dirigido contra\u00a0objetivos dentro de Siria en\u00a0los \u00faltimos tres d\u00edas, despu\u00e9s de un ataque con mortero contra zonas residenciales de Karkamis, una ciudad en el lado turco de la frontera.<\/p>\n<p>&nbsp;<\/p>\n","protected":false},"excerpt":{"rendered":"<p>Turqu\u00eda (CNN) &#8211; Turqu\u00eda puso en marcha\u00a0una operaci\u00f3n militar contra ISIS en el norte de Siria,\u00a0inform\u00f3\u00a0la prensa estatal turca. El objetivo es asegurar el territorio a lo largo de su frontera con Siria frente a\u00a0la amenaza de ISIS, dijeron funcionarios turcos a la agencia semioficial Anadolu. Unidades de artiller\u00eda y aviones de guerra turcos pertenecientes [&hellip;]<\/p>\n","protected":false},"author":7,"featured_media":56054,"comment_status":"open","ping_status":"open","sticky":false,"template":"","format":"standard","meta":{"footnotes":""},"categories":[40],"tags":[],"class_list":["post-56051","post","type-post","status-publish","format-standard","has-post-thumbnail","hentry","category-internacionales"],"_links":{"self":[{"href":"https:\/\/2horizontes.com\/index.php?rest_route=\/wp\/v2\/posts\/56051","targetHints":{"allow":["GET"]}}],"collection":[{"href":"https:\/\/2horizontes.com\/index.php?rest_route=\/wp\/v2\/posts"}],"about":[{"href":"https:\/\/2horizontes.com\/index.php?rest_route=\/wp\/v2\/types\/post"}],"author":[{"embeddable":true,"href":"https:\/\/2horizontes.com\/index.php?rest_route=\/wp\/v2\/users\/7"}],"replies":[{"embeddable":true,"href":"https:\/\/2horizontes.com\/index.php?rest_route=%2Fwp%2Fv2%2Fcomments&post=56051"}],"version-history":[{"count":1,"href":"https:\/\/2horizontes.com\/index.php?rest_route=\/wp\/v2\/posts\/56051\/revisions"}],"predecessor-version":[{"id":56056,"href":"https:\/\/2horizontes.com\/index.php?rest_route=\/wp\/v2\/posts\/56051\/revisions\/56056"}],"wp:featuredmedia":[{"embeddable":true,"href":"https:\/\/2horizontes.com\/index.php?rest_route=\/wp\/v2\/media\/56054"}],"wp:attachment":[{"href":"https:\/\/2horizontes.com\/index.php?rest_route=%2Fwp%2Fv2%2Fmedia&parent=56051"}],"wp:term":[{"taxonomy":"category","embeddable":true,"href":"https:\/\/2horizontes.com\/index.php?rest_route=%2Fwp%2Fv2%2Fcategories&post=56051"},{"taxonomy":"post_tag","embeddable":true,"href":"https:\/\/2horizontes.com\/index.php?rest_route=%2Fwp%2Fv2%2Ftags&post=56051"}],"curies":[{"name":"wp","href":"https:\/\/api.w.org\/{rel}","templated":true}]}}