{"id":56047,"date":"2016-08-24T16:00:02","date_gmt":"2016-08-24T15:00:02","guid":{"rendered":"http:\/\/2horizontes.com\/?p=56047"},"modified":"2016-08-24T16:00:02","modified_gmt":"2016-08-24T15:00:02","slug":"productores-argentinos-protestan-regalando-diez-toneladas-de-peras-y-manzanas","status":"publish","type":"post","link":"https:\/\/2horizontes.com\/?p=56047","title":{"rendered":"Productores argentinos protestan regalando diez toneladas de peras y manzanas"},"content":{"rendered":"<div id=\"ArticleAuthorDiv\" class=\"article-body-author\"><b>AFP<\/b><\/div>\n<div id=\"ArticleSourceDiv\" class=\"article-body-author\"><\/div>\n<div id=\"ArticleBody\">\n<p>Productores del sur argentino regalaron este martes diez toneladas de peras y manzanas en la c\u00e9ntrica Plaza de Mayo de Buenos Aires para denunciar una crisis en el sector frutihort\u00edcola y reclamar ayuda del gobierno.<\/p>\n<p>A pocos metros de la Casa Rosada, sede de Gobierno, los productores se instalaron desde temprano a repartir las frutas a cientos de personas que hicieron largas filas para obtener su raci\u00f3n.<\/p>\n<p>\u00abNo hemos sido escuchados, por eso la protesta, la situaci\u00f3n es desesperante. \u00c9ramos 10.000 familias de productores y hoy somos 2.500\u00bb, dijo a la AFP Carlos Ilu, productor de manzanas y peras de la provincia de R\u00edo Negro (sur).<\/p>\n<p>Argentina produce al a\u00f1o 1,5 millones de toneladas de peras y manzanas, principalmente en Rio Negro y Neuqu\u00e9n (sur). La mitad se exporta, seg\u00fan c\u00e1lculos del sector, aunque las ventas al exterior cayeron un 12%, principalmente a Brasil y Rusia.<\/p>\n<div id=\"FIOnDemandWrapper_fiInstance_101888_3_6789632\" class=\"FIOnDemandWrapper\"><\/div>\n<p>El gobierno de Mauricio Macri, que asumi\u00f3 en diciembre, elimin\u00f3 el 5% de las retenciones por exportaciones al sector e impuls\u00f3 la liberalizaci\u00f3n del tipo de cambio con una devaluaci\u00f3n cercana al 30%.<\/p>\n<p>Los productores se quejan de que los intermediarios se quedan con el mayor margen y por ello reclaman una ley \u00abde protecci\u00f3n que permita establecer un precio razonable\u00bb para sostener la capacidad competitiva del sector.<\/p>\n<p>\u00abLa manzana se vende al consumidor a 30 pesos el kilo (2 d\u00f3lares) y el productor recibe menos de 3 pesos por kilo producido (20 centavos de d\u00f3lar). \u00bfCu\u00e1nto tiempo se puede resistir esto?\u00bb, se pregunt\u00f3 Ilu.<\/p>\n<p>Los productores lamentan que mientras los costos internos suben a causa de la inflaci\u00f3n, lo que reciben por su producto sigue estancado.<\/p>\n<p>En tanto el mercado interno tambi\u00e9n est\u00e1 deprimido. Seg\u00fan datos del sector los argentinos bajaron el consumo de fruta anual de 14 kilos per c\u00e1pita a 6k.<\/p>\n<p>\u00abEl gobierno es el \u00fanico que puede interceder. Peligran unos 60.000 puestos de trabajo\u00bb, asegur\u00f3.<\/p>\n<p>La falta de perspectivas de crecimiento tambi\u00e9n desmotiva a los j\u00f3venes a seguir en la actividad. \u00abHoy el productor promedio tiene 60 a\u00f1os, la mayor\u00eda de los emprendimientos son familiares, pero los j\u00f3venes se van a ocupaciones m\u00e1s rentables, si seguimos as\u00ed la producci\u00f3n se morir\u00e1\u00bb, dijo Ilu.<\/p>\n<p>Seg\u00fan el gobierno, la inflaci\u00f3n acumul\u00f3 en el primer semestre 28,7%, superando la pauta anual de 25% que se hab\u00eda fijado. Consultoras privadas estiman que superar\u00e1 el 45% este a\u00f1o.<\/p>\n<p>El precio de los alimentos es uno de los que m\u00e1s ha crecido.<\/p>\n<p>El combustible aument\u00f3 m\u00e1s del 30% desde enero, mientras las tarifas de transporte, electricidad, gas y agua sufrieron alzas de entre 400% y m\u00e1s de 1.000%. La justicia freno el &#8216;tarifazo&#8217; para los usuarios residenciales pero sigue vigente para el resto de los consumidores.<\/p>\n<\/div>\n","protected":false},"excerpt":{"rendered":"<p>AFP Productores del sur argentino regalaron este martes diez toneladas de peras y manzanas en la c\u00e9ntrica Plaza de Mayo de Buenos Aires para denunciar una crisis en el sector frutihort\u00edcola y reclamar ayuda del gobierno. A pocos metros de la Casa Rosada, sede de Gobierno, los productores se instalaron desde temprano a repartir las [&hellip;]<\/p>\n","protected":false},"author":7,"featured_media":56049,"comment_status":"open","ping_status":"open","sticky":false,"template":"","format":"standard","meta":{"footnotes":""},"categories":[40],"tags":[],"class_list":["post-56047","post","type-post","status-publish","format-standard","has-post-thumbnail","hentry","category-internacionales"],"_links":{"self":[{"href":"https:\/\/2horizontes.com\/index.php?rest_route=\/wp\/v2\/posts\/56047","targetHints":{"allow":["GET"]}}],"collection":[{"href":"https:\/\/2horizontes.com\/index.php?rest_route=\/wp\/v2\/posts"}],"about":[{"href":"https:\/\/2horizontes.com\/index.php?rest_route=\/wp\/v2\/types\/post"}],"author":[{"embeddable":true,"href":"https:\/\/2horizontes.com\/index.php?rest_route=\/wp\/v2\/users\/7"}],"replies":[{"embeddable":true,"href":"https:\/\/2horizontes.com\/index.php?rest_route=%2Fwp%2Fv2%2Fcomments&post=56047"}],"version-history":[{"count":1,"href":"https:\/\/2horizontes.com\/index.php?rest_route=\/wp\/v2\/posts\/56047\/revisions"}],"predecessor-version":[{"id":56050,"href":"https:\/\/2horizontes.com\/index.php?rest_route=\/wp\/v2\/posts\/56047\/revisions\/56050"}],"wp:featuredmedia":[{"embeddable":true,"href":"https:\/\/2horizontes.com\/index.php?rest_route=\/wp\/v2\/media\/56049"}],"wp:attachment":[{"href":"https:\/\/2horizontes.com\/index.php?rest_route=%2Fwp%2Fv2%2Fmedia&parent=56047"}],"wp:term":[{"taxonomy":"category","embeddable":true,"href":"https:\/\/2horizontes.com\/index.php?rest_route=%2Fwp%2Fv2%2Fcategories&post=56047"},{"taxonomy":"post_tag","embeddable":true,"href":"https:\/\/2horizontes.com\/index.php?rest_route=%2Fwp%2Fv2%2Ftags&post=56047"}],"curies":[{"name":"wp","href":"https:\/\/api.w.org\/{rel}","templated":true}]}}