{"id":56044,"date":"2016-08-24T16:02:51","date_gmt":"2016-08-24T15:02:51","guid":{"rendered":"http:\/\/2horizontes.com\/?p=56044"},"modified":"2016-08-24T16:02:51","modified_gmt":"2016-08-24T15:02:51","slug":"danilo-medina-y-david-collado-se-reunen-en-el-palacio-nacional","status":"publish","type":"post","link":"https:\/\/2horizontes.com\/?p=56044","title":{"rendered":"Danilo Medina y David Collado se re\u00fanen en el Palacio Nacional"},"content":{"rendered":"<div class=\"detalle-texto\">\n<div class=\"text\">\n<p>SANTO DOMINGO. El presidente Danilo Medina recibi\u00f3 en el Palacio Nacional la ma\u00f1ana de este mi\u00e9rcoles la visita del alcalde del Distrito Nacional, David Collado.<\/p>\n<p>Pese a que no han trascendido los temas tratados, hasta el momento, Collado, elegido por el opositor Partido Revolucionario Moderno (PRM) hab\u00eda informado a Diario Libre que solicitar\u00eda una reuni\u00f3n con el presidente Danilo Medina para \u201ccoordinar acciones conjuntas y darle seguimiento a obras anunciadas por el Poder Ejecutivo en la ciudad, como la remodelaci\u00f3n de la zona comercial de la avenida Duarte con la calle Par\u00eds\u201d.<\/p>\n<p>Collado dijo durante el Di\u00e1logo Libre que \u201cdentro de nuestros planes est\u00e1 visitar al Presidente para buscarle una soluci\u00f3n a largo plazo a la Duarte con Par\u00eds, y concertar con los diferentes sectores\u201d, expuso.<\/p>\n<p>Se\u00f1al\u00f3 adem\u00e1s que \u201cestamos en toda la disposici\u00f3n de trabajar con el Poder Ejecutivo en todas las obras de la ciudad, lo que entendemos es que estas obras deben ser coordinadas con el Ayuntamiento del Distrito Nacional, que se deben respetar las normativas de que el ayuntamiento es quien regula todas las obras y acciones que se tomen en esta ciudad\u201d, puntualiz\u00f3.<\/p>\n<p>Hab\u00eda indicado que dejar\u00e1 de ser el candidato del Partido Revolucionario Moderno (PRM) para convertirse en el alcalde de la ciudad capital que concertar\u00e1 con todos los sectores.<\/p>\n<\/div>\n<\/div>\n","protected":false},"excerpt":{"rendered":"<p>SANTO DOMINGO. El presidente Danilo Medina recibi\u00f3 en el Palacio Nacional la ma\u00f1ana de este mi\u00e9rcoles la visita del alcalde del Distrito Nacional, David Collado. Pese a que no han trascendido los temas tratados, hasta el momento, Collado, elegido por el opositor Partido Revolucionario Moderno (PRM) hab\u00eda informado a Diario Libre que solicitar\u00eda una reuni\u00f3n [&hellip;]<\/p>\n","protected":false},"author":13240,"featured_media":56052,"comment_status":"open","ping_status":"open","sticky":false,"template":"","format":"standard","meta":{"footnotes":""},"categories":[43,44],"tags":[],"class_list":["post-56044","post","type-post","status-publish","format-standard","has-post-thumbnail","hentry","category-politica","category-republica-dominicana"],"_links":{"self":[{"href":"https:\/\/2horizontes.com\/index.php?rest_route=\/wp\/v2\/posts\/56044","targetHints":{"allow":["GET"]}}],"collection":[{"href":"https:\/\/2horizontes.com\/index.php?rest_route=\/wp\/v2\/posts"}],"about":[{"href":"https:\/\/2horizontes.com\/index.php?rest_route=\/wp\/v2\/types\/post"}],"author":[{"embeddable":true,"href":"https:\/\/2horizontes.com\/index.php?rest_route=\/wp\/v2\/users\/13240"}],"replies":[{"embeddable":true,"href":"https:\/\/2horizontes.com\/index.php?rest_route=%2Fwp%2Fv2%2Fcomments&post=56044"}],"version-history":[{"count":1,"href":"https:\/\/2horizontes.com\/index.php?rest_route=\/wp\/v2\/posts\/56044\/revisions"}],"predecessor-version":[{"id":56055,"href":"https:\/\/2horizontes.com\/index.php?rest_route=\/wp\/v2\/posts\/56044\/revisions\/56055"}],"wp:featuredmedia":[{"embeddable":true,"href":"https:\/\/2horizontes.com\/index.php?rest_route=\/wp\/v2\/media\/56052"}],"wp:attachment":[{"href":"https:\/\/2horizontes.com\/index.php?rest_route=%2Fwp%2Fv2%2Fmedia&parent=56044"}],"wp:term":[{"taxonomy":"category","embeddable":true,"href":"https:\/\/2horizontes.com\/index.php?rest_route=%2Fwp%2Fv2%2Fcategories&post=56044"},{"taxonomy":"post_tag","embeddable":true,"href":"https:\/\/2horizontes.com\/index.php?rest_route=%2Fwp%2Fv2%2Ftags&post=56044"}],"curies":[{"name":"wp","href":"https:\/\/api.w.org\/{rel}","templated":true}]}}