{"id":56037,"date":"2016-08-24T15:56:08","date_gmt":"2016-08-24T14:56:08","guid":{"rendered":"http:\/\/2horizontes.com\/?p=56037"},"modified":"2016-08-24T15:56:08","modified_gmt":"2016-08-24T14:56:08","slug":"testigos-del-terremoto-en-italia-el-techo-entero-se-vino-abajo-pero-no-me-golpeo","status":"publish","type":"post","link":"https:\/\/2horizontes.com\/?p=56037","title":{"rendered":"Testigos del terremoto en Italia: \u201cEl techo entero se vino abajo pero no me golpe\u00f3\u201d"},"content":{"rendered":"<p>Un potente sismo sacudi\u00f3 el centro de Italia en la madrugada del mi\u00e9rcoles, derribando edificios en varias ciudades mientras los residentes dorm\u00edan. Al menos 73 personas fallecieron en tres de las localidades m\u00e1s afectadas, donde equipos de rescate se apuraban para sacar a los sobrevivientes de entre los escombros.<\/p>\n<p>Una persona en Illica, en el norte de Amatrice, una localidad de Italia muy afectada por el sismo, describi\u00f3 la escena del terremoto.<\/p>\n<p>Agostino Severo, quien vive en Roma y estaba de visita en Illica, cont\u00f3 que hab\u00eda salido a la plaza \u00aby parec\u00eda el infierno de Dante: gente llorando pidiendo ayuda\u00bb. Agreg\u00f3 que los socorristas tardaron entre una hora y hora y media en llegar.<\/p>\n<p>\u201cEl techo entero se vino abajo pero no me golpe\u00f3\u201d, relat\u00f3 la sorprendida residente Maria Gianni. \u201cConsegu\u00ed poner una almohada sobre mi cabeza y por suerte no me hizo da\u00f1o, solo tengo una herida leve en la pierna\u201d.<\/p>\n<p class=\"ap-story-p\">El alcalde de Accumoli, Stefano Petrucci, dijo que seis personas perdieron la vida en la localidad, incluyendo una familia de cuatro miembros. Se emocion\u00f3 al destacar que la peque\u00f1a localidad pasa de 700 a 2.000 habitantes en los meses de verano y temi\u00f3 por su futuro.<\/p>\n<p class=\"ap-story-p\">\u201cEspero que no nos olviden\u201d, declar\u00f3 a la televisora Sky TG24.<\/p>\n<p class=\"ap-story-p\">En Amatrice, el padre Fabio Gammarota, cura en una parroquia cercana, inform\u00f3 que por el momento bendijo a siete cuerpos extra\u00eddos de entre los escombros. \u201cUno era mi amigo\u201d, apunt\u00f3.<\/p>\n<p class=\"ap-story-p\">El alcalde de la localidad, Sergio Perozzi, estim\u00f3 que docenas de residentes estaban atrapados bajo los edificios derribados y que har\u00e1 falta maquinaria pesada para retirar los escombros que cubren las calles.<\/p>\n<p class=\"ap-story-p\">La oficina de Renzi dijo en un mensaje en Twitter de madrugada que la maquinaria pesada est\u00e1 en camino.<\/p>\n<p class=\"ap-story-p\">Una persona en Illica, en el norte de Amatrice, una localidad de Italia muy afectada por el sismo, describi\u00f3 la escena del terremoto.<\/p>\n<p class=\"ap-story-p\">En 1997, un sismo mat\u00f3 a una docena de personas en esta zona y da\u00f1\u00f3 gravemente una de las joyas arquitect\u00f3nicas de Umbr\u00eda, la Bas\u00edlica de San Francisco de As\u00eds, cubierta con frescos Giotto. Los frailes franciscanos que custodian la bas\u00edlica no reportaron da\u00f1os de inmediato tras el temblor del mi\u00e9rcoles.<\/p>\n<p class=\"ap-story-p\">El papa Francisco se salt\u00f3 su lecci\u00f3n de catecismo durante la audiencia general de los mi\u00e9rcoles y gui\u00f3 a los peregrinos en el rezo del rosario por las v\u00edctimas del terremoto en Italia.<\/p>\n<p class=\"ap-story-p\">El Servicio Geol\u00f3gico italiano indic\u00f3 que la magnitud del terremoto fue de 6 grados. El Servicio Geol\u00f3gico de Estados Unidos elev\u00f3 la magnitud a 6,2 y situ\u00f3 el epicentro del temblor en Norcia, a unos 170 kil\u00f3metros al noreste de Roma, con una profundidad relativamente escasa de 10 kil\u00f3metros.<\/p>\n<p class=\"ap-story-p\">\u201cTerremotos de esta magnitud y a esta profundidad pueden provocar en nuestro territorio el derrumbe de edificios, lo que puede resultar en muertes\u201d, manifest\u00f3 el jefe del servicio de protecci\u00f3n civil del pa\u00eds, Fabrizio Curcio. La regi\u00f3n es popular entre los turistas que huyen del calor de Roma, y en esta \u00e9poca del a\u00f1o tiene m\u00e1s residentes que en otras, por lo que el colapso de solo un edificio puede aumentar la cifra de v\u00edctimas mortales significativamente, agreg\u00f3.<\/p>\n","protected":false},"excerpt":{"rendered":"<p>Un potente sismo sacudi\u00f3 el centro de Italia en la madrugada del mi\u00e9rcoles, derribando edificios en varias ciudades mientras los residentes dorm\u00edan. Al menos 73 personas fallecieron en tres de las localidades m\u00e1s afectadas, donde equipos de rescate se apuraban para sacar a los sobrevivientes de entre los escombros. Una persona en Illica, en el [&hellip;]<\/p>\n","protected":false},"author":13240,"featured_media":56045,"comment_status":"open","ping_status":"open","sticky":false,"template":"","format":"standard","meta":{"footnotes":""},"categories":[86,40,83],"tags":[],"class_list":["post-56037","post","type-post","status-publish","format-standard","has-post-thumbnail","hentry","category-europa","category-internacionales","category-reportajes"],"_links":{"self":[{"href":"https:\/\/2horizontes.com\/index.php?rest_route=\/wp\/v2\/posts\/56037","targetHints":{"allow":["GET"]}}],"collection":[{"href":"https:\/\/2horizontes.com\/index.php?rest_route=\/wp\/v2\/posts"}],"about":[{"href":"https:\/\/2horizontes.com\/index.php?rest_route=\/wp\/v2\/types\/post"}],"author":[{"embeddable":true,"href":"https:\/\/2horizontes.com\/index.php?rest_route=\/wp\/v2\/users\/13240"}],"replies":[{"embeddable":true,"href":"https:\/\/2horizontes.com\/index.php?rest_route=%2Fwp%2Fv2%2Fcomments&post=56037"}],"version-history":[{"count":1,"href":"https:\/\/2horizontes.com\/index.php?rest_route=\/wp\/v2\/posts\/56037\/revisions"}],"predecessor-version":[{"id":56046,"href":"https:\/\/2horizontes.com\/index.php?rest_route=\/wp\/v2\/posts\/56037\/revisions\/56046"}],"wp:featuredmedia":[{"embeddable":true,"href":"https:\/\/2horizontes.com\/index.php?rest_route=\/wp\/v2\/media\/56045"}],"wp:attachment":[{"href":"https:\/\/2horizontes.com\/index.php?rest_route=%2Fwp%2Fv2%2Fmedia&parent=56037"}],"wp:term":[{"taxonomy":"category","embeddable":true,"href":"https:\/\/2horizontes.com\/index.php?rest_route=%2Fwp%2Fv2%2Fcategories&post=56037"},{"taxonomy":"post_tag","embeddable":true,"href":"https:\/\/2horizontes.com\/index.php?rest_route=%2Fwp%2Fv2%2Ftags&post=56037"}],"curies":[{"name":"wp","href":"https:\/\/api.w.org\/{rel}","templated":true}]}}