{"id":55967,"date":"2016-08-23T14:54:44","date_gmt":"2016-08-23T13:54:44","guid":{"rendered":"http:\/\/2horizontes.com\/?p=55967"},"modified":"2016-08-23T14:54:44","modified_gmt":"2016-08-23T13:54:44","slug":"dos-detenidos-in-fraganti-cuando-querian-robar-en-una-casa-en-sabadell","status":"publish","type":"post","link":"https:\/\/2horizontes.com\/?p=55967","title":{"rendered":"Dos detenidos in fraganti cuando quer\u00edan robar en una casa en Sabadell"},"content":{"rendered":"<p>Los Mossos d\u2019Esquadra pillaron el jueves pasado a dos personas que quer\u00edan robar en una casa en Sabadell. Los detenidos son dos hombres de 22 y 23 a\u00f1os, de nacionalidad ecuatoriana y peruana respectivamente y vecinos de Barcelona.<\/p>\n<p>Los hechos se remontan a la madrugada del mismo jueves cuando los agentes recibieron la llamada de una vecina que alert\u00f3 que estaba viendo c\u00f3mo dos hombres intentaban robar en una vivienda de la ciudad del Vall\u00e8s Occidental. Al llegar al lugar, los Mossos localizaron a un hombre cerca de la vivienda y este huy\u00f3 cuando vio a los agentes. A pocos metros los Mossos le pararon y le preguntaron qu\u00e9 hac\u00eda all\u00ed. El hombre, visiblemente nervioso, dio explicaciones incoherentes.<\/p>\n<p>En aquel momento un segundo hombre sali\u00f3 del edificio y huy\u00f3 en direcci\u00f3n contraria a los agentes. Uno de los agentes empez\u00f3 a perseguirlo mientras facilitaba su descripci\u00f3n por emisora al resto de patrullas que se encontraban por la zona. Poco despu\u00e9s, una patrulla de la Polic\u00eda Municipal de Sabadell, que tambi\u00e9n hab\u00eda recibido el aviso y se encontraba por la zona haciendo investigaciones, localizaron al hombre escondido en uno de los pasos subterr\u00e1neos de la Gran Via.<\/p>\n<p>Al ver el veh\u00edculo policial, el individuo volvi\u00f3 a huir pero esta vez los polic\u00edas municipales consiguieron detenerle pocas calles m\u00e1s all\u00e1. Una vez los agentes comprobaron que la cerradura de la puerta de la casa hab\u00eda sido forzada detuvieron a los dos hombres por un robo con fuerza. Los hombres pasaron a disposici\u00f3n judicial el viernes pasado y el juez decret\u00f3 su libertad con cargos.<\/p>\n","protected":false},"excerpt":{"rendered":"<p>Los Mossos d\u2019Esquadra pillaron el jueves pasado a dos personas que quer\u00edan robar en una casa en Sabadell. Los detenidos son dos hombres de 22 y 23 a\u00f1os, de nacionalidad ecuatoriana y peruana respectivamente y vecinos de Barcelona. Los hechos se remontan a la madrugada del mismo jueves cuando los agentes recibieron la llamada de [&hellip;]<\/p>\n","protected":false},"author":3,"featured_media":55968,"comment_status":"open","ping_status":"open","sticky":false,"template":"","format":"standard","meta":{"footnotes":""},"categories":[85],"tags":[],"class_list":["post-55967","post","type-post","status-publish","format-standard","has-post-thumbnail","hentry","category-espana"],"_links":{"self":[{"href":"https:\/\/2horizontes.com\/index.php?rest_route=\/wp\/v2\/posts\/55967","targetHints":{"allow":["GET"]}}],"collection":[{"href":"https:\/\/2horizontes.com\/index.php?rest_route=\/wp\/v2\/posts"}],"about":[{"href":"https:\/\/2horizontes.com\/index.php?rest_route=\/wp\/v2\/types\/post"}],"author":[{"embeddable":true,"href":"https:\/\/2horizontes.com\/index.php?rest_route=\/wp\/v2\/users\/3"}],"replies":[{"embeddable":true,"href":"https:\/\/2horizontes.com\/index.php?rest_route=%2Fwp%2Fv2%2Fcomments&post=55967"}],"version-history":[{"count":1,"href":"https:\/\/2horizontes.com\/index.php?rest_route=\/wp\/v2\/posts\/55967\/revisions"}],"predecessor-version":[{"id":55969,"href":"https:\/\/2horizontes.com\/index.php?rest_route=\/wp\/v2\/posts\/55967\/revisions\/55969"}],"wp:featuredmedia":[{"embeddable":true,"href":"https:\/\/2horizontes.com\/index.php?rest_route=\/wp\/v2\/media\/55968"}],"wp:attachment":[{"href":"https:\/\/2horizontes.com\/index.php?rest_route=%2Fwp%2Fv2%2Fmedia&parent=55967"}],"wp:term":[{"taxonomy":"category","embeddable":true,"href":"https:\/\/2horizontes.com\/index.php?rest_route=%2Fwp%2Fv2%2Fcategories&post=55967"},{"taxonomy":"post_tag","embeddable":true,"href":"https:\/\/2horizontes.com\/index.php?rest_route=%2Fwp%2Fv2%2Ftags&post=55967"}],"curies":[{"name":"wp","href":"https:\/\/api.w.org\/{rel}","templated":true}]}}