{"id":55864,"date":"2016-08-22T14:24:14","date_gmt":"2016-08-22T13:24:14","guid":{"rendered":"http:\/\/2horizontes.com\/?p=55864"},"modified":"2016-08-22T14:24:14","modified_gmt":"2016-08-22T13:24:14","slug":"el-referendum-es-barrer-el-sistema-no-solo-revocar-a-maduro","status":"publish","type":"post","link":"https:\/\/2horizontes.com\/?p=55864","title":{"rendered":"\u201cEl refer\u00e9ndum es barrer el sistema, no solo revocar a Maduro\u201d"},"content":{"rendered":"<p>Los recorridos de Henrique Capriles como gobernador de Miranda parecen revivir, a menor escala, sus campa\u00f1as presidenciales: algunos lo llaman presidente, las mujeres le piden fotos y le entregan a sus beb\u00e9s para que los cargue, otros le ruegan por recursos para proyectos que exceden las capacidades de una gobernaci\u00f3n.<\/p>\n<p>Desde la urbanizaci\u00f3n Terrazas de Vicente Emilio Sojo, en Guarenas, Capriles admiti\u00f3 que lo mismo le ocurre en cada estado que visita para impulsar el revocatorio al mandato de Maduro, pero asegura que no es ni est\u00e1 pensando en ser candidato a nada, y advirti\u00f3: \u201cMe parece extempor\u00e1neo plantear candidaturas presidenciales si luchamos por el 20%. Eso no ayuda a la unidad. Mi candidato es el revocatorio\u201d.<\/p>\n<p><strong>\u2014\u00bfQu\u00e9 se podr\u00e1 lograr con la movilizaci\u00f3n del 1\u00ba de septiembre? \u00bfEl gobierno permitir\u00e1 que se haga?<\/strong><\/p>\n<p>\u2014Vendr\u00e1 gente de todo el pa\u00eds y requiere de mucho esfuerzo. La gente se pone de acuerdo para conseguir autobuses, algunos vienen en veh\u00edculos propios, otros se vienen un d\u00eda antes y algunos les ofrecen sus casas para que duerman. La idea es que se sienta la voz de los venezolanos que quieren una soluci\u00f3n este a\u00f1o. El 1\u00ba de septiembre ser\u00e1 una actividad c\u00edvica, no es un choque. El gobierno va a aumentar las amenazas para desmovilizar. Traer\u00e1 a los jefes de la PNB en cada estado y habr\u00e1 acuartelamiento.<\/p>\n<p><strong>\u2014\u00bfPero ser\u00e1 tan contundente como se espera? Las \u00faltimas marchas no lo han sido. <\/strong><\/p>\n<p>\u2014El 1\u00ba de septiembre va a ser una movilizaci\u00f3n muy grande. Los planteamientos que se hicieron antes no se limitaban a cu\u00e1nta gente iba, sino a la persistencia. La din\u00e1mica que hoy tiene el venezolano es estar en una cola. \u00bfC\u00f3mo se comparte eso con la defensa de los derechos? Entre comer y protestar, lo que har\u00e1n es obvio. Hay que aprovechar el 1\u00ba de septiembre para anunciar qu\u00e9 pasar\u00e1 el 2 y el 3 y el 4.<\/p>\n<p><strong>\u2014\u00bfEs el inicio de una presi\u00f3n social?<\/strong><\/p>\n<p>\u2014Es otra etapa ante el 20% del revocatorio.<\/p>\n<p><strong>\u2014\u00bfY cu\u00e1l es el objetivo? <\/strong><\/p>\n<p>\u2014El primero es la recolecci\u00f3n del 20%. \u00bfQu\u00e9 espera el CNE? Se puede hacer en septiembre.<\/p>\n<p><strong>\u2014El CNE discute un cronograma que comprende el revocatorio y las regionales en 2017\u2026<\/strong><\/p>\n<p>\u2014No hay ninguna raz\u00f3n para que el revocatorio no sea este a\u00f1o. Juegan a que pasen los d\u00edas, pero no tienen c\u00f3mo argumentar el retraso. Las regionales no las quieren hacer este a\u00f1o, es una decisi\u00f3n tomada en el PSUV y me lo han dicho otros gobernadores.<\/p>\n<p><strong>\u2014\u00bfPor qu\u00e9?<\/strong><\/p>\n<p>\u2014Es un momento cr\u00edtico para ellos y no van a regalar nada. Pueden perder las 23 gobernaciones. Saben que para la gente la prioridad no son las regionales y al no tener presi\u00f3n, creen que pueden recuperarse y esperar un mejor momento.<\/p>\n<p><strong>\u2014\u00bfPueden?<\/strong><\/p>\n<p>\u2014Este gobierno no tiene forma de recuperarse. Cada d\u00eda que pasan ah\u00ed, el pa\u00eds es m\u00e1s pobre. Cae la producci\u00f3n petrolera, el hueco del pa\u00eds puede ser de 20.000 millones de d\u00f3lares. \u00bfQui\u00e9n se los presta a Maduro? Nadie.<\/p>\n<p><strong>\u2014\u00bfAceptar\u00eda el revocatorio en 2017?<\/strong><\/p>\n<p>\u2014Esa es una discusi\u00f3n que tiene que darse dentro de la Unidad. Pero no hay ninguna raz\u00f3n para que el revocatorio sea el pr\u00f3ximo a\u00f1o.<\/p>\n<p><strong>\u2014\u00bfToda la oposici\u00f3n lo acompa\u00f1a en la lucha para que sea en 2016?<\/strong><\/p>\n<p>\u2014Todos queremos que haya revocatorio; sin embargo, algunos trabajan m\u00e1s, otros menos.<\/p>\n<p><strong>\u2014\u00bfEst\u00e1 solo en el empe\u00f1o? <\/strong><\/p>\n<p>\u2014No creo que est\u00e9 solo, pero ojal\u00e1 todos le pusi\u00e9ramos el mismo empe\u00f1o al revocatorio. M\u00e1s all\u00e1 de la dirigencia, los venezolanos tenemos que entender que los procesos de cambio dependen de cada uno de nosotros. El mes\u00edas no existe.<\/p>\n<p><strong>\u2014\u00bfQue el revocatorio sea este a\u00f1o depende de esa movilizaci\u00f3n?<\/strong><\/p>\n<p>\u2014El revocatorio depende de que asumamos desde el 1\u00ba de septiembre la defensa de nuestros derechos. No depende de un d\u00eda, sino de la etapa que comienza el 1\u00ba de septiembre, que logre el 20% y el revocatorio.<\/p>\n<p><strong>\u2014\u00bfSer\u00eda candidato en una eventual primaria presidencial? Henry Ramos Allup se lanz\u00f3.<\/strong><\/p>\n<p>\u2014He visto cuatro encuestas y las cuatro son distintas en la valoraci\u00f3n de los liderazgos de la oposici\u00f3n. Me parece extempor\u00e1neo plantear candidaturas presidenciales si luchamos por el 20% del revocatorio. Creo que eso no ayuda a la Unidad. Todas las aspiraciones son leg\u00edtimas, pero mi candidato es el revocatorio. Luego se elegir\u00e1 el candidato por primarias.<\/p>\n<p><strong>\u2014\u00bfParticipar\u00eda usted?<\/strong><\/p>\n<p>\u2014No lo s\u00e9, en este momento en mi mente ese no es un tema.<\/p>\n<p><strong>\u2014\u00bfQu\u00e9 opina de las propuestas de enmienda, del 350 o Constituyente? <\/strong><\/p>\n<p>\u2014No hay un camino m\u00e1s r\u00e1pido que el revocatorio. No entiendo por qu\u00e9 se abre ese debate. Ya tenemos 17 a\u00f1os en esto, a veces me pregunto si no hemos aprendido a leer al adversario. Maduro le tiene miedo al pueblo y el mecanismo que lo articula es el revocatorio. \u00bfQui\u00e9n decide los miembros de la Constituyente?, \u00bfqui\u00e9n establece las bases y las circunscripciones? El CNE. Y si la lucha es tan dura para ir al 20%, imag\u00ednate con una Constituyente, \u00a1se nos van dos a\u00f1os!<\/p>\n<p><strong>\u2014\u00bfPor qu\u00e9 proponerla entonces?<\/strong><\/p>\n<p>\u2014No lo s\u00e9, est\u00e1 en la Constituci\u00f3n y es v\u00e1lido abrir el debate. No obstante, el revocatorio es barrer el sistema, no solo revocar a Maduro. El gobierno lo sabe y trata de evitarlo. O es el revocatorio o es el estallido social.<\/p>\n<p><strong>\u2014\u00bfQuienes proponen el 350 creen en ese estallido<\/strong>?<\/p>\n<p>\u2014\u00bfQui\u00e9n habl\u00f3 de 350 en este pa\u00eds? Hermann Escarr\u00e1. \u00bfVamos a seguir la l\u00ednea de Escarr\u00e1? \u00bfLa marcha sin retorno? Eso forma parte del pasado. El 350 lo metieron en la Constituci\u00f3n para justificar un golpe de Estado. Que me diga el que defienda el 350, \u00bfc\u00f3mo lo van a poner en pr\u00e1ctica? Y abrimos el debate.<\/p>\n<p><strong>\u2014En Venezuela abundan las protestas por comida, pero no existe el mismo inter\u00e9s si se reclaman derechos pol\u00edticos. \u00bfPor qu\u00e9?<\/strong><\/p>\n<p>\u2014Porque todav\u00eda hay una ventanita, que es el revocatorio, pero si se cierra, puede haber un estallido. Creo que todav\u00eda hay gente en el PSUV con un poco de sensatez que sabe que un estallido social los barrer\u00eda.<\/p>\n<p><strong>\u2014\u00bfDiosdado Cabello, Tareck el Aissami o H\u00e9ctor Rodr\u00edguez andan en campa\u00f1a?<\/strong><\/p>\n<p>\u2014Eso es problema de ellos. Cabello, un personajillo sin ninguna credibilidad. Est\u00e1 muy desesperado por tener centimetraje en prensa; es el liderazgo con m\u00e1s rechazo en el pa\u00eds. El revocatorio es un paquete: la cabeza de Maduro, pero se van todos. En el gobierno de unidad nacional no estar\u00e1n ni Maduro ni Cabello ni el de Aragua ni H\u00e9ctor Rodr\u00edguez.<\/p>\n<p><strong>\u2014\u00bfHa habido alg\u00fan esfuerzo por retomar el di\u00e1logo?<\/strong><\/p>\n<p>\u2014\u00bfQu\u00e9 ser\u00e1 de la vida de Jos\u00e9 Luis Rodr\u00edguez Zapatero? Cuando no mencion\u00f3 el revocatorio, su intento por ser mediador se cay\u00f3. El gobierno ni siquiera invit\u00f3 al Vaticano. Maduro solo quer\u00eda ganar tiempo y no lo logr\u00f3. Los venezolanos saben que fue una farsa.<\/p>\n<p><strong>\u2014Si el CNE convoca a las regionales, \u00bfcompetir\u00eda de nuevo por la Gobernaci\u00f3n de Miranda?<\/strong><\/p>\n<p>\u2014No tenemos una decisi\u00f3n sobre ese tema, el proceso no est\u00e1 planteado.<\/p>\n","protected":false},"excerpt":{"rendered":"<p>Los recorridos de Henrique Capriles como gobernador de Miranda parecen revivir, a menor escala, sus campa\u00f1as presidenciales: algunos lo llaman presidente, las mujeres le piden fotos y le entregan a sus beb\u00e9s para que los cargue, otros le ruegan por recursos para proyectos que exceden las capacidades de una gobernaci\u00f3n. Desde la urbanizaci\u00f3n Terrazas de [&hellip;]<\/p>\n","protected":false},"author":13240,"featured_media":54181,"comment_status":"open","ping_status":"open","sticky":false,"template":"","format":"standard","meta":{"footnotes":""},"categories":[40,43,48],"tags":[],"class_list":["post-55864","post","type-post","status-publish","format-standard","has-post-thumbnail","hentry","category-internacionales","category-politica","category-venezuela"],"_links":{"self":[{"href":"https:\/\/2horizontes.com\/index.php?rest_route=\/wp\/v2\/posts\/55864","targetHints":{"allow":["GET"]}}],"collection":[{"href":"https:\/\/2horizontes.com\/index.php?rest_route=\/wp\/v2\/posts"}],"about":[{"href":"https:\/\/2horizontes.com\/index.php?rest_route=\/wp\/v2\/types\/post"}],"author":[{"embeddable":true,"href":"https:\/\/2horizontes.com\/index.php?rest_route=\/wp\/v2\/users\/13240"}],"replies":[{"embeddable":true,"href":"https:\/\/2horizontes.com\/index.php?rest_route=%2Fwp%2Fv2%2Fcomments&post=55864"}],"version-history":[{"count":1,"href":"https:\/\/2horizontes.com\/index.php?rest_route=\/wp\/v2\/posts\/55864\/revisions"}],"predecessor-version":[{"id":55867,"href":"https:\/\/2horizontes.com\/index.php?rest_route=\/wp\/v2\/posts\/55864\/revisions\/55867"}],"wp:featuredmedia":[{"embeddable":true,"href":"https:\/\/2horizontes.com\/index.php?rest_route=\/wp\/v2\/media\/54181"}],"wp:attachment":[{"href":"https:\/\/2horizontes.com\/index.php?rest_route=%2Fwp%2Fv2%2Fmedia&parent=55864"}],"wp:term":[{"taxonomy":"category","embeddable":true,"href":"https:\/\/2horizontes.com\/index.php?rest_route=%2Fwp%2Fv2%2Fcategories&post=55864"},{"taxonomy":"post_tag","embeddable":true,"href":"https:\/\/2horizontes.com\/index.php?rest_route=%2Fwp%2Fv2%2Ftags&post=55864"}],"curies":[{"name":"wp","href":"https:\/\/api.w.org\/{rel}","templated":true}]}}