{"id":55793,"date":"2016-08-20T00:16:36","date_gmt":"2016-08-19T23:16:36","guid":{"rendered":"http:\/\/2horizontes.com\/?p=55793"},"modified":"2016-08-20T00:16:36","modified_gmt":"2016-08-19T23:16:36","slug":"en-una-semana-326-000-venezolanos-cruzaron-la-frontera-hacia-colombia","status":"publish","type":"post","link":"https:\/\/2horizontes.com\/?p=55793","title":{"rendered":"En una semana 326.000 venezolanos cruzaron la frontera hacia Colombia"},"content":{"rendered":"<p>M\u00e1s de\u00a0326.000 venezolanos entraron a Colombia en la primera semana de reapertura\u00a0fronteriza, la mayor\u00eda para comprar alimentos, medicinas y art\u00edculos de primera necesidad que no encuentran en su pa\u00eds, informaron hoy fuentes oficiales.<\/p>\n<p>El 80 % de los ciudadanos venezolanos que ingresaron a Colombia lo hicieron para\u00a0comprar \u201cdiferentes productos\u201d, mientras que un 12 % de ellos lo hizo para visitar a alg\u00fan familiar, un 7 % para cumplir con citas m\u00e9dicas o realizar diligencias y un 1 % para tomar vuelos internacionales, indic\u00f3 Migraci\u00f3n Colombia en un comunicado.<\/p>\n<p>Colombia y Venezuela acordaron permitir, a partir del mi\u00e9rcoles pasado, a los ciudadanos de ambos pa\u00edses\u00a0el paso de llantas y repuestos de veh\u00edculos \u201csin exceder la necesidad individual\u201d por la frontera com\u00fan.<\/p>\n<p>La frontera com\u00fan fue cerrada hace justo un a\u00f1o por orden del presidente venezolano, Nicol\u00e1s Maduro, como parte de un plan para combatir a presuntos paramilitares que operan en la zona.<\/p>\n<p>Tras varias reuniones al m\u00e1s alto nivel, Maduro y su hom\u00f3logo colombiano Juan Manuel Santos, acordaron reabrir de manera progresiva la frontera desde el pasado s\u00e1bado.<\/p>\n<p>Por el momento solo han sido habilitados seis pasos fronterizos: el Puente Internacional Sim\u00f3n Bol\u00edvar, que une la localidad colombiana de C\u00facuta y la venezolana de San Antonio; el Francisco de Paula Santander, que tambi\u00e9n conecta a C\u00facuta con Ure\u00f1a, as\u00ed como el puente Jos\u00e9 Antonio P\u00e1ez, entre el departamento de Arauca y el estado de Apure.<\/p>\n<p>Adem\u00e1s, est\u00e1 abierto el paso que une Puerto Carre\u00f1o (Colombia) y Puerto P\u00e1ez (Venezuela), as\u00ed como el de Paraguach\u00f3n (entre La Guajira y Zulia) y el Puente Uni\u00f3n, que comunica a Puerto Santander (Colombia) con Boca del Grita (Venezuela).<\/p>\n<p>El d\u00eda con mayor flujo de entradas fue el pasado martes, cuando\u00a0m\u00e1s de 72.000 ciudadanos venezolanos entraron a Colombia.<\/p>\n<p>El punto de ingreso al pa\u00eds que m\u00e1s movimiento registra es el Puente Internacional Sim\u00f3n Bol\u00edvar, por donde han cruzado m\u00e1s de 201.000 venezolanos.<\/p>\n<p>Desde el s\u00e1bado 13 de agosto hasta hoy\u00a0han salido un poco m\u00e1s de 291.000 ciudadanos venezolanos de Colombia.<\/p>\n","protected":false},"excerpt":{"rendered":"<p>M\u00e1s de\u00a0326.000 venezolanos entraron a Colombia en la primera semana de reapertura\u00a0fronteriza, la mayor\u00eda para comprar alimentos, medicinas y art\u00edculos de primera necesidad que no encuentran en su pa\u00eds, informaron hoy fuentes oficiales. El 80 % de los ciudadanos venezolanos que ingresaron a Colombia lo hicieron para\u00a0comprar \u201cdiferentes productos\u201d, mientras que un 12 % de [&hellip;]<\/p>\n","protected":false},"author":13240,"featured_media":55796,"comment_status":"open","ping_status":"open","sticky":false,"template":"","format":"standard","meta":{"footnotes":""},"categories":[50,40,48],"tags":[],"class_list":["post-55793","post","type-post","status-publish","format-standard","has-post-thumbnail","hentry","category-colombia","category-internacionales","category-venezuela"],"_links":{"self":[{"href":"https:\/\/2horizontes.com\/index.php?rest_route=\/wp\/v2\/posts\/55793","targetHints":{"allow":["GET"]}}],"collection":[{"href":"https:\/\/2horizontes.com\/index.php?rest_route=\/wp\/v2\/posts"}],"about":[{"href":"https:\/\/2horizontes.com\/index.php?rest_route=\/wp\/v2\/types\/post"}],"author":[{"embeddable":true,"href":"https:\/\/2horizontes.com\/index.php?rest_route=\/wp\/v2\/users\/13240"}],"replies":[{"embeddable":true,"href":"https:\/\/2horizontes.com\/index.php?rest_route=%2Fwp%2Fv2%2Fcomments&post=55793"}],"version-history":[{"count":1,"href":"https:\/\/2horizontes.com\/index.php?rest_route=\/wp\/v2\/posts\/55793\/revisions"}],"predecessor-version":[{"id":55799,"href":"https:\/\/2horizontes.com\/index.php?rest_route=\/wp\/v2\/posts\/55793\/revisions\/55799"}],"wp:featuredmedia":[{"embeddable":true,"href":"https:\/\/2horizontes.com\/index.php?rest_route=\/wp\/v2\/media\/55796"}],"wp:attachment":[{"href":"https:\/\/2horizontes.com\/index.php?rest_route=%2Fwp%2Fv2%2Fmedia&parent=55793"}],"wp:term":[{"taxonomy":"category","embeddable":true,"href":"https:\/\/2horizontes.com\/index.php?rest_route=%2Fwp%2Fv2%2Fcategories&post=55793"},{"taxonomy":"post_tag","embeddable":true,"href":"https:\/\/2horizontes.com\/index.php?rest_route=%2Fwp%2Fv2%2Ftags&post=55793"}],"curies":[{"name":"wp","href":"https:\/\/api.w.org\/{rel}","templated":true}]}}