{"id":55791,"date":"2016-08-19T23:52:53","date_gmt":"2016-08-19T22:52:53","guid":{"rendered":"http:\/\/2horizontes.com\/?p=55791"},"modified":"2016-08-19T23:52:53","modified_gmt":"2016-08-19T22:52:53","slug":"inauguran-laboratorio-de-tecnologias-de-la-manufactura","status":"publish","type":"post","link":"https:\/\/2horizontes.com\/?p=55791","title":{"rendered":"Inauguran Laboratorio de Tecnolog\u00edas de la Manufactura"},"content":{"rendered":"<div class=\"detalle-texto\">\n<div class=\"text\">\n<p>SANTO DOMINGO. El rector del Instituto T\u00e9cnico Superior Comunitario, Doctor Victor Hugo De L\u00e1ncer, inaugur\u00f3 el nuevo laboratorio destinado a la Carrera de Tecnolog\u00edas de Manufactura de esta casa de altos estudios, que cuenta con los equipos m\u00e1s modernos de la industria y representan una importante inversi\u00f3n educativa para estudios superiores en el \u00e1rea de Manufactura Industrial.<\/p>\n<p>Seg\u00fan un comunicado de prensa enviado por el departamento de comunicaci\u00f3n de ITSC, el taller est\u00e1 enfocado en tres \u00e1reas industriales fundamentales:<\/p>\n<p>Fabricaci\u00f3n mec\u00e1nica moderna con equipos de Control Num\u00e9rico Computarizado (Centro de Maquinado CNC, Torno CNC y Maquina de Electro descargas por Penetraci\u00f3n.<\/p>\n<p>Fabricaci\u00f3n de piezas a trav\u00e9s de moldeo por inyecci\u00f3n de pl\u00e1stico.<\/p>\n<p>Fabricaci\u00f3n Mec\u00e1nica con m\u00e1quinas-herramientas convencionales (Tornos, Fresadoras y Rectificadoras de Superficies Planas).<\/p>\n<p>Los equipos Industriales que conforman el Laboratorio de Tecnolog\u00edas de la Manufactura valorados en RD$33,278,801.08, cuentan con el soporte de Simuladores CNC, logrando ser la \u00fanica instituci\u00f3n de nivel superior del pa\u00eds con este recurso. Este Laboratorio dispone adem\u00e1s de materiales did\u00e1cticos que permiten a los estudiantes desarrollar las destrezas motoras y finas que exige la complejidad tecnol\u00f3gica del mundo laboral contempor\u00e1neo.<\/p>\n<p>En el acto estuvieron presentes invitados relacionados al sector industrial e invitados especiales vinculados al \u00e1rea de la Ingenier\u00eda Industrial, acompa\u00f1ados de las principales autoridades de la instituci\u00f3n.<\/p>\n<\/div>\n<\/div>\n","protected":false},"excerpt":{"rendered":"<p>SANTO DOMINGO. El rector del Instituto T\u00e9cnico Superior Comunitario, Doctor Victor Hugo De L\u00e1ncer, inaugur\u00f3 el nuevo laboratorio destinado a la Carrera de Tecnolog\u00edas de Manufactura de esta casa de altos estudios, que cuenta con los equipos m\u00e1s modernos de la industria y representan una importante inversi\u00f3n educativa para estudios superiores en el \u00e1rea de [&hellip;]<\/p>\n","protected":false},"author":13240,"featured_media":55794,"comment_status":"open","ping_status":"open","sticky":false,"template":"","format":"standard","meta":{"footnotes":""},"categories":[40,44,88],"tags":[],"class_list":["post-55791","post","type-post","status-publish","format-standard","has-post-thumbnail","hentry","category-internacionales","category-republica-dominicana","category-tecnologia"],"_links":{"self":[{"href":"https:\/\/2horizontes.com\/index.php?rest_route=\/wp\/v2\/posts\/55791","targetHints":{"allow":["GET"]}}],"collection":[{"href":"https:\/\/2horizontes.com\/index.php?rest_route=\/wp\/v2\/posts"}],"about":[{"href":"https:\/\/2horizontes.com\/index.php?rest_route=\/wp\/v2\/types\/post"}],"author":[{"embeddable":true,"href":"https:\/\/2horizontes.com\/index.php?rest_route=\/wp\/v2\/users\/13240"}],"replies":[{"embeddable":true,"href":"https:\/\/2horizontes.com\/index.php?rest_route=%2Fwp%2Fv2%2Fcomments&post=55791"}],"version-history":[{"count":1,"href":"https:\/\/2horizontes.com\/index.php?rest_route=\/wp\/v2\/posts\/55791\/revisions"}],"predecessor-version":[{"id":55795,"href":"https:\/\/2horizontes.com\/index.php?rest_route=\/wp\/v2\/posts\/55791\/revisions\/55795"}],"wp:featuredmedia":[{"embeddable":true,"href":"https:\/\/2horizontes.com\/index.php?rest_route=\/wp\/v2\/media\/55794"}],"wp:attachment":[{"href":"https:\/\/2horizontes.com\/index.php?rest_route=%2Fwp%2Fv2%2Fmedia&parent=55791"}],"wp:term":[{"taxonomy":"category","embeddable":true,"href":"https:\/\/2horizontes.com\/index.php?rest_route=%2Fwp%2Fv2%2Fcategories&post=55791"},{"taxonomy":"post_tag","embeddable":true,"href":"https:\/\/2horizontes.com\/index.php?rest_route=%2Fwp%2Fv2%2Ftags&post=55791"}],"curies":[{"name":"wp","href":"https:\/\/api.w.org\/{rel}","templated":true}]}}