{"id":55780,"date":"2016-08-19T23:39:19","date_gmt":"2016-08-19T22:39:19","guid":{"rendered":"http:\/\/2horizontes.com\/?p=55780"},"modified":"2016-08-19T23:39:19","modified_gmt":"2016-08-19T22:39:19","slug":"venezuela-propuso-intercambio-de-petroleo-a-turquia","status":"publish","type":"post","link":"https:\/\/2horizontes.com\/?p=55780","title":{"rendered":"Venezuela propuso intercambio de petr\u00f3leo a Turqu\u00eda"},"content":{"rendered":"<p>La canciller de Venezuela, Delcy Rodr\u00edguez, inform\u00f3 que\u00a0Venezuela eval\u00faa un nuevo modelo de cooperaci\u00f3n para atraer la inversi\u00f3n turca en el pa\u00eds,\u00a0a cambio de la exportaci\u00f3n de suministro de crudo y otros productos.<\/p>\n<p>Rodr\u00edguez y el ministro de Petr\u00f3leo, Eulogio Del Pino, se reunieron este viernes con el presidente de Turqu\u00eda, Recep Tayyip Erdogan,\u00a0en la Tarabya Mansion.<\/p>\n<p>Durante este encuentro, inform\u00f3 la Canciller, acordaron reactivar las consultas pol\u00edticas y\u00a0tambi\u00e9n la comisi\u00f3n mixta para complementar potencialidades en beneficio de ambos pa\u00edses.<\/p>\n<p>\u00abSostuvimos reuni\u00f3n con el presidente Erdogan, manifestamos nuestra voluntad por relanzar nuestras relaciones de cooperaci\u00f3n; trajimos saludos del presidente Nicol\u00e1s maduro\u00bb, manifest\u00f3.<\/p>\n<p>Rodr\u00edguez y Del Pino aprovecharon el encuentro para entregar al presidente Erdogan la invitaci\u00f3n de su hom\u00f3logo venezolano, Nicol\u00e1s Maduro, para participar en la decimoseptima Cumbre del Movimiento de Pa\u00edses No Alineados (Mnoal), que se realizar\u00e1 el pr\u00f3ximo mes de septiembre en el estado Nueva Esparta.<\/p>\n","protected":false},"excerpt":{"rendered":"<p>La canciller de Venezuela, Delcy Rodr\u00edguez, inform\u00f3 que\u00a0Venezuela eval\u00faa un nuevo modelo de cooperaci\u00f3n para atraer la inversi\u00f3n turca en el pa\u00eds,\u00a0a cambio de la exportaci\u00f3n de suministro de crudo y otros productos. Rodr\u00edguez y el ministro de Petr\u00f3leo, Eulogio Del Pino, se reunieron este viernes con el presidente de Turqu\u00eda, Recep Tayyip Erdogan,\u00a0en la [&hellip;]<\/p>\n","protected":false},"author":13240,"featured_media":55784,"comment_status":"open","ping_status":"open","sticky":false,"template":"","format":"standard","meta":{"footnotes":""},"categories":[63,40,48],"tags":[],"class_list":["post-55780","post","type-post","status-publish","format-standard","has-post-thumbnail","hentry","category-economia","category-internacionales","category-venezuela"],"_links":{"self":[{"href":"https:\/\/2horizontes.com\/index.php?rest_route=\/wp\/v2\/posts\/55780","targetHints":{"allow":["GET"]}}],"collection":[{"href":"https:\/\/2horizontes.com\/index.php?rest_route=\/wp\/v2\/posts"}],"about":[{"href":"https:\/\/2horizontes.com\/index.php?rest_route=\/wp\/v2\/types\/post"}],"author":[{"embeddable":true,"href":"https:\/\/2horizontes.com\/index.php?rest_route=\/wp\/v2\/users\/13240"}],"replies":[{"embeddable":true,"href":"https:\/\/2horizontes.com\/index.php?rest_route=%2Fwp%2Fv2%2Fcomments&post=55780"}],"version-history":[{"count":1,"href":"https:\/\/2horizontes.com\/index.php?rest_route=\/wp\/v2\/posts\/55780\/revisions"}],"predecessor-version":[{"id":55785,"href":"https:\/\/2horizontes.com\/index.php?rest_route=\/wp\/v2\/posts\/55780\/revisions\/55785"}],"wp:featuredmedia":[{"embeddable":true,"href":"https:\/\/2horizontes.com\/index.php?rest_route=\/wp\/v2\/media\/55784"}],"wp:attachment":[{"href":"https:\/\/2horizontes.com\/index.php?rest_route=%2Fwp%2Fv2%2Fmedia&parent=55780"}],"wp:term":[{"taxonomy":"category","embeddable":true,"href":"https:\/\/2horizontes.com\/index.php?rest_route=%2Fwp%2Fv2%2Fcategories&post=55780"},{"taxonomy":"post_tag","embeddable":true,"href":"https:\/\/2horizontes.com\/index.php?rest_route=%2Fwp%2Fv2%2Ftags&post=55780"}],"curies":[{"name":"wp","href":"https:\/\/api.w.org\/{rel}","templated":true}]}}