{"id":55772,"date":"2016-08-19T17:44:23","date_gmt":"2016-08-19T16:44:23","guid":{"rendered":"http:\/\/2horizontes.com\/?p=55772"},"modified":"2016-08-19T17:44:23","modified_gmt":"2016-08-19T16:44:23","slug":"la-onu-admite-por-primera-vez-que-estuvo-involucrada-en-el-brote-de-colera-en-haiti","status":"publish","type":"post","link":"https:\/\/2horizontes.com\/?p=55772","title":{"rendered":"La ONU admite por primera vez que estuvo involucrada en el brote de c\u00f3lera en Haiti"},"content":{"rendered":"<p><strong>EE.UU.<\/strong><\/p>\n<p><strong>(CNN) &#8211;<\/strong> Por primera vez, las Naciones Unidas han reconocido su propia participaci\u00f3n en un devastador brote de c\u00f3lera en Hait\u00ed en 2010 en la que murieron al menos 10.000 personas.<br \/>\n<span id=\"more-313294\"><\/span><\/p>\n<p>La ONU siempre ha puesto en duda las afirmaciones de que las fuerzas de paz de Nepal trajeron el c\u00f3lera a la isla nueve meses despu\u00e9s del terremoto que sacudi\u00f3 Hait\u00ed, la primera aparici\u00f3n conocida de la enfermedad en m\u00e1s de 150 a\u00f1os.<\/p>\n<p>El c\u00f3lera es una enfermedad gastrointestinal aguda causada por la ingesti\u00f3n de alimentos o bebidas contaminados con la bacteria vibrio cholerae. Puede causar diarrea y v\u00f3mitos severos, lo que conduce a la deshidrataci\u00f3n extrema. Los pacientes que no reciben tratamiento r\u00e1pidamente para restaurar la p\u00e9rdida de l\u00edquidos pueden morir en cuesti\u00f3n de horas.<\/p>\n<p>De acuerdo con los Centros para el Control y la Prevenci\u00f3n de Enfermedades, hay de 3 a 5 millones de casos de la enfermedad cada a\u00f1o en todo el mundo y 100.000 muertes.<\/p>\n<p>Despu\u00e9s de que se filtrara un reporte para el New York Times este jueves de un duro informe de un investigador de la ONU, un portavoz de la organizaci\u00f3n, Farhan Haq, dijo a CNN que \u00abdurante el a\u00f1o pasado, la ONU ha llegado al convencimiento de que es necesario hacer mucho m\u00e1s en cuanto a su propia participaci\u00f3n en el brote inicial y el sufrimiento de las personas afectadas por el c\u00f3lera\u00bb. La ONU dice que est\u00e1 considerando varias opciones.<\/p>\n<p>El informe inicial que obtuvo el New York Times, preparado por Relator Especial sobre pobreza y derechos humanos extremas, Philip Alston, dice que la epidemia \u00abno habr\u00eda estallado si no fuera por la acciones de las Naciones Unidas\u00bb.<\/p>\n<p>La ONU no est\u00e1 diciendo que caus\u00f3 la epidemia.<\/p>\n<p>Puede optar por aceptar los resultados del informe o ajustar los resultados despu\u00e9s de discusiones con Hait\u00ed y otros pa\u00edses miembros. La versi\u00f3n final ser\u00e1 presentada a las Naciones Unidas en el plazo de dos meses.<\/p>\n<p>\u00abEstamos tratando de encontrar la manera de resolver esto\u00bb, dijo Haq este jueves, \u00abde encontrar la manera de hacer lo correcto\u00bb.<\/p>\n<p>Los informes dicen que la falta de saneamiento en un campamento de las fuerzas de paz de la ONU permiti\u00f3 que las aguas residuales se filtran en un r\u00edo.<\/p>\n<p>Cuando se le pregunt\u00f3 si la ONU estaba diciendo por primera vez que era responsable del brote, dijo Haq, \u00abno tengo nada que decir al respecto\u00bb.<\/p>\n<p>El vicesecretario general, Jan Eliasson, dijo en \u00abAmanpour\u00bb de CNN este jueves que la ONU est\u00e1 tratando de combinar \u00abun elemento de la compasi\u00f3n\u00bb con la estricta posici\u00f3n legal de la organizaci\u00f3n sobre la inmunidad sobre las acciones de los cuerpos de mantenimiento de paz.<\/p>\n<p>El Secretario General Ban Ki-Moon ha dado instrucciones a los asistentes para que encuentran una soluci\u00f3n. \u00abEsperamos que los estados miembros de la ONU acepten la responsabilidad moral\u00bb por el brote.<\/p>\n<p>En el pasado, los pa\u00edses miembros de la ONU han temido pesadas obligaciones financieras para Hait\u00ed y otros casos podr\u00edan surgir en todo el mundo.<\/p>\n<p>Activistas que luchan por la justicia para las v\u00edctimas de Hait\u00ed se llenaron de alegr\u00eda ante la posibilidad de que la ONU est\u00e9 cambiando su posici\u00f3n. Beatrice Lindstrom, del Instituto para la Justicia y la Democracia en Hait\u00ed, dijo, \u00abeste es un primer paso innovador para la justicia\u00bb.<\/p>\n<p>Sin embargo, Lindstrom a\u00f1adi\u00f3, \u00abla verdadera prueba es lo que viene a continuaci\u00f3n. Las promesas no dejar\u00e1n de matar de c\u00f3lera o compensar el da\u00f1o a las familias pobres de Hait\u00ed\u00bb. Ella quiere una disculpa p\u00fablica de la ONU y un plan para compensar a las v\u00edctimas.<\/p>\n<p>El senador estadounidense Ed Markey, miembro de la Comisi\u00f3n de Relaciones Exteriores, dijo que el reconocimiento es \u00abun primer paso importante en el restablecimiento de la confianza con la comunidad haitiana y global\u00bb. Se pidi\u00f3 a la ONU a \u00abapoyar el desarrollo de soluciones que evitan la transmisi\u00f3n de enfermedades y proporcionar tratamiento para los miles de personas que sufren de este flagelo mortal\u00bb.<\/p>\n<p>Varias demandas han sido presentadas en nombre de las v\u00edctimas. Sin embargo, la ONU nunca ha cambiado de posici\u00f3n sobre su participaci\u00f3n en las muertes.<\/p>\n","protected":false},"excerpt":{"rendered":"<p>EE.UU. (CNN) &#8211; Por primera vez, las Naciones Unidas han reconocido su propia participaci\u00f3n en un devastador brote de c\u00f3lera en Hait\u00ed en 2010 en la que murieron al menos 10.000 personas. La ONU siempre ha puesto en duda las afirmaciones de que las fuerzas de paz de Nepal trajeron el c\u00f3lera a la isla [&hellip;]<\/p>\n","protected":false},"author":7,"featured_media":55773,"comment_status":"open","ping_status":"open","sticky":false,"template":"","format":"standard","meta":{"footnotes":""},"categories":[47,40,45],"tags":[],"class_list":["post-55772","post","type-post","status-publish","format-standard","has-post-thumbnail","hentry","category-haiti","category-internacionales","category-salud"],"_links":{"self":[{"href":"https:\/\/2horizontes.com\/index.php?rest_route=\/wp\/v2\/posts\/55772","targetHints":{"allow":["GET"]}}],"collection":[{"href":"https:\/\/2horizontes.com\/index.php?rest_route=\/wp\/v2\/posts"}],"about":[{"href":"https:\/\/2horizontes.com\/index.php?rest_route=\/wp\/v2\/types\/post"}],"author":[{"embeddable":true,"href":"https:\/\/2horizontes.com\/index.php?rest_route=\/wp\/v2\/users\/7"}],"replies":[{"embeddable":true,"href":"https:\/\/2horizontes.com\/index.php?rest_route=%2Fwp%2Fv2%2Fcomments&post=55772"}],"version-history":[{"count":1,"href":"https:\/\/2horizontes.com\/index.php?rest_route=\/wp\/v2\/posts\/55772\/revisions"}],"predecessor-version":[{"id":55774,"href":"https:\/\/2horizontes.com\/index.php?rest_route=\/wp\/v2\/posts\/55772\/revisions\/55774"}],"wp:featuredmedia":[{"embeddable":true,"href":"https:\/\/2horizontes.com\/index.php?rest_route=\/wp\/v2\/media\/55773"}],"wp:attachment":[{"href":"https:\/\/2horizontes.com\/index.php?rest_route=%2Fwp%2Fv2%2Fmedia&parent=55772"}],"wp:term":[{"taxonomy":"category","embeddable":true,"href":"https:\/\/2horizontes.com\/index.php?rest_route=%2Fwp%2Fv2%2Fcategories&post=55772"},{"taxonomy":"post_tag","embeddable":true,"href":"https:\/\/2horizontes.com\/index.php?rest_route=%2Fwp%2Fv2%2Ftags&post=55772"}],"curies":[{"name":"wp","href":"https:\/\/api.w.org\/{rel}","templated":true}]}}