{"id":5577,"date":"2015-05-04T22:06:28","date_gmt":"2015-05-04T21:06:28","guid":{"rendered":"http:\/\/2horizontes.com\/?p=5577"},"modified":"2015-05-04T22:06:28","modified_gmt":"2015-05-04T21:06:28","slug":"muere-jesus-hermida-el-maestro-de-la-television-en-espana","status":"publish","type":"post","link":"https:\/\/2horizontes.com\/?p=5577","title":{"rendered":"Muere Jes\u00fas Hermida, el maestro de la televisi\u00f3n en Espa\u00f1a"},"content":{"rendered":"<p dir=\"ltr\">Nacido el 27 de junio de 1937 en Ayamonte, Huelva, sus primeros pasos en el mundo del periodismo los dio en el semanario de Acci\u00f3n Cat\u00f3lica, Signo, en la agencia Europa Press, tras lo que ejerci\u00f3 como redactor jefe en el diario Informaciones. En 1967 empez\u00f3 a trabajar como corresponsal en Nueva York de TVE, plaza que ocup\u00f3 durante una d\u00e9cada y que le permiti\u00f3, entre otras cosas, ser la voz que narr\u00f3 en Espa\u00f1a la llegada del hombre a la Luna el 21 de julio de 1969. Aunque su voz y su rostro quedaron para siempre ligados a ese momento en la memoria de los espa\u00f1oles, Hermida reconoci\u00f3 en una entrevista reciente en EL PA\u00cdS que lo m\u00e1s emocionante que vivi\u00f3 en su carrera period\u00edstica fue la madrugada del entierro de Robert Kennedy. \u201cLas gentes empezaron a cantar. Entonces una voz m\u00eda me dijo: \u2018C\u00e1llate, pu\u00f1etero, y oye\u2019. Y me call\u00e9\u201d.<\/p>\n<p>Tras su regreso a Espa\u00f1a en 1978, Hermida particip\u00f3 en diferentes programas de televisi\u00f3n, como De cerca, Cr\u00f3nica 3 o Su turno. Tambi\u00e9n frecuent\u00f3 la radio, con espacios como La hora cero o Viva la gente. En los ochenta condujo el programa Por la ma\u00f1ana, un magac\u00edn en el que cont\u00f3 con la colaboraci\u00f3n tambi\u00e9n de mujeres como Mar\u00eda Teresa Campos o las conocidas como \u201cChicas Hermida\u201d, que vieron c\u00f3mo su carrera se lanzaba tras su paso por el programa: Nieves Herrero, Inma Soriano, Consuelo Berlanga o Miriam D\u00edaz Aroca pasaron por el programa de cuatro horas que marc\u00f3 una forma de hacer televisi\u00f3n que todav\u00eda hoy sigue vigente.<\/p>\n<p>En 1987 vuelve a TVE, de donde se marchar\u00eda a las televisiones privadas tras haber dirigido el Telediario nocturno. De la p\u00fablica pas\u00f3 a Antena 3, donde en mayo de 1992 fue nombrado director. Doce a\u00f1os despu\u00e9s se incorpor\u00f3 a Castilla-La Mancha TV para presentar la segunda edici\u00f3n del informativo. Posteriormente regres\u00f3 a Televisi\u00f3n Espa\u00f1ola para presentar el programa La imagen de tu vida en 2006 y el especial Regreso a la Luna de 2009, en el que se celebraba el 40 aniversario de la retransmisi\u00f3n del acontecimiento hist\u00f3rico. Una de sus \u00faltimas apariciones en televisi\u00f3n fue en enero de 2013, cuando entrevist\u00f3 al rey Juan Carlos en TVE con motivo del 75 cumplea\u00f1os del entonces rey.<\/p>\n<p>Por su trayectoria profesional, Hermida ha recibido reconocimientos como tres premios Onda, la Antena de Oro, el TP al mejor presentador, el Premio V\u00edctor de la Serna de la Asociaci\u00f3n de la Prensa de Madrid y el galard\u00f3n a Toda una vida que le otorg\u00f3 la Academia de las Ciencias y las Artes de Televisi\u00f3n de Espa\u00f1a, organismo del que fue fundador.<\/p>\n","protected":false},"excerpt":{"rendered":"<p>Nacido el 27 de junio de 1937 en Ayamonte, Huelva, sus primeros pasos en el mundo del periodismo los dio en el semanario de Acci\u00f3n Cat\u00f3lica, Signo, en la agencia Europa Press, tras lo que ejerci\u00f3 como redactor jefe en el diario Informaciones. En 1967 empez\u00f3 a trabajar como corresponsal en Nueva York de TVE, [&hellip;]<\/p>\n","protected":false},"author":3,"featured_media":5578,"comment_status":"open","ping_status":"open","sticky":false,"template":"","format":"standard","meta":{"footnotes":""},"categories":[1,85],"tags":[],"class_list":["post-5577","post","type-post","status-publish","format-standard","has-post-thumbnail","hentry","category-entretenimiento","category-espana"],"_links":{"self":[{"href":"https:\/\/2horizontes.com\/index.php?rest_route=\/wp\/v2\/posts\/5577","targetHints":{"allow":["GET"]}}],"collection":[{"href":"https:\/\/2horizontes.com\/index.php?rest_route=\/wp\/v2\/posts"}],"about":[{"href":"https:\/\/2horizontes.com\/index.php?rest_route=\/wp\/v2\/types\/post"}],"author":[{"embeddable":true,"href":"https:\/\/2horizontes.com\/index.php?rest_route=\/wp\/v2\/users\/3"}],"replies":[{"embeddable":true,"href":"https:\/\/2horizontes.com\/index.php?rest_route=%2Fwp%2Fv2%2Fcomments&post=5577"}],"version-history":[{"count":1,"href":"https:\/\/2horizontes.com\/index.php?rest_route=\/wp\/v2\/posts\/5577\/revisions"}],"predecessor-version":[{"id":5579,"href":"https:\/\/2horizontes.com\/index.php?rest_route=\/wp\/v2\/posts\/5577\/revisions\/5579"}],"wp:featuredmedia":[{"embeddable":true,"href":"https:\/\/2horizontes.com\/index.php?rest_route=\/wp\/v2\/media\/5578"}],"wp:attachment":[{"href":"https:\/\/2horizontes.com\/index.php?rest_route=%2Fwp%2Fv2%2Fmedia&parent=5577"}],"wp:term":[{"taxonomy":"category","embeddable":true,"href":"https:\/\/2horizontes.com\/index.php?rest_route=%2Fwp%2Fv2%2Fcategories&post=5577"},{"taxonomy":"post_tag","embeddable":true,"href":"https:\/\/2horizontes.com\/index.php?rest_route=%2Fwp%2Fv2%2Ftags&post=5577"}],"curies":[{"name":"wp","href":"https:\/\/api.w.org\/{rel}","templated":true}]}}