{"id":55754,"date":"2016-08-19T17:14:41","date_gmt":"2016-08-19T16:14:41","guid":{"rendered":"http:\/\/2horizontes.com\/?p=55754"},"modified":"2016-08-19T17:14:41","modified_gmt":"2016-08-19T16:14:41","slug":"matan-a-balazos-a-un-espanol-en-intento-de-asalto-en-bella-vista","status":"publish","type":"post","link":"https:\/\/2horizontes.com\/?p=55754","title":{"rendered":"Matan a balazos a un espa\u00f1ol en intento de asalto en Bella Vista"},"content":{"rendered":"<div class=\"detalle-texto\">\n<div class=\"text\">\n<p>DISTRITO NACIONAL. Un hombre de nacionalidad espa\u00f1ola fue muerto tras recibir dos de cinco disparos que le hicieron presuntos asaltantes en la ma\u00f1ana de este viernes, en un hecho ocurrido en la calle Carmen Mendoza, del sector Bella Vista.<\/p>\n<p>De acuerdo a la versi\u00f3n de una ciudadana que se encontraba cerca del lugar, se trat\u00f3 de un intento de asalto.<\/p>\n<p>Se dice que dos sujetos le hicieron cinco disparos al se\u00f1or Jos\u00e9 Ignacio Bilbao Mezo, de 59 a\u00f1os, cuando transitaba en su veh\u00edculo, dos de los cuales lo alcanzaron por el costado. El hecho ocurri\u00f3 a las 9:30 de esta ma\u00f1ana.<\/p>\n<p>Personal de la Direcci\u00f3n de Investigaciones Criminales de la Polic\u00eda se encuentran en la emergencia del Centro de Diagn\u00f3sticos y Medicina Avanzada (Cedimat) donde fue llevado.<\/p>\n<\/div>\n<\/div>\n","protected":false},"excerpt":{"rendered":"<p>DISTRITO NACIONAL. Un hombre de nacionalidad espa\u00f1ola fue muerto tras recibir dos de cinco disparos que le hicieron presuntos asaltantes en la ma\u00f1ana de este viernes, en un hecho ocurrido en la calle Carmen Mendoza, del sector Bella Vista. De acuerdo a la versi\u00f3n de una ciudadana que se encontraba cerca del lugar, se trat\u00f3 [&hellip;]<\/p>\n","protected":false},"author":13240,"featured_media":42434,"comment_status":"open","ping_status":"open","sticky":false,"template":"","format":"standard","meta":{"footnotes":""},"categories":[85,44],"tags":[],"class_list":["post-55754","post","type-post","status-publish","format-standard","has-post-thumbnail","hentry","category-espana","category-republica-dominicana"],"_links":{"self":[{"href":"https:\/\/2horizontes.com\/index.php?rest_route=\/wp\/v2\/posts\/55754","targetHints":{"allow":["GET"]}}],"collection":[{"href":"https:\/\/2horizontes.com\/index.php?rest_route=\/wp\/v2\/posts"}],"about":[{"href":"https:\/\/2horizontes.com\/index.php?rest_route=\/wp\/v2\/types\/post"}],"author":[{"embeddable":true,"href":"https:\/\/2horizontes.com\/index.php?rest_route=\/wp\/v2\/users\/13240"}],"replies":[{"embeddable":true,"href":"https:\/\/2horizontes.com\/index.php?rest_route=%2Fwp%2Fv2%2Fcomments&post=55754"}],"version-history":[{"count":1,"href":"https:\/\/2horizontes.com\/index.php?rest_route=\/wp\/v2\/posts\/55754\/revisions"}],"predecessor-version":[{"id":55759,"href":"https:\/\/2horizontes.com\/index.php?rest_route=\/wp\/v2\/posts\/55754\/revisions\/55759"}],"wp:featuredmedia":[{"embeddable":true,"href":"https:\/\/2horizontes.com\/index.php?rest_route=\/wp\/v2\/media\/42434"}],"wp:attachment":[{"href":"https:\/\/2horizontes.com\/index.php?rest_route=%2Fwp%2Fv2%2Fmedia&parent=55754"}],"wp:term":[{"taxonomy":"category","embeddable":true,"href":"https:\/\/2horizontes.com\/index.php?rest_route=%2Fwp%2Fv2%2Fcategories&post=55754"},{"taxonomy":"post_tag","embeddable":true,"href":"https:\/\/2horizontes.com\/index.php?rest_route=%2Fwp%2Fv2%2Ftags&post=55754"}],"curies":[{"name":"wp","href":"https:\/\/api.w.org\/{rel}","templated":true}]}}