{"id":55711,"date":"2016-08-18T16:10:28","date_gmt":"2016-08-18T15:10:28","guid":{"rendered":"http:\/\/2horizontes.com\/?p=55711"},"modified":"2016-08-18T16:10:54","modified_gmt":"2016-08-18T15:10:54","slug":"leopoldo-lopez-espera-sentencia-en-corte-de-apelaciones","status":"publish","type":"post","link":"https:\/\/2horizontes.com\/?p=55711","title":{"rendered":"Leopoldo L\u00f3pez espera sentencia en Corte de Apelaciones"},"content":{"rendered":"<p>CARACAS.- El l\u00edder pol\u00edtico Leopoldo L\u00f3pez asisti\u00f3 este jueves a la audiencia de la Corte de Apelaciones del Tribunal Supremo de Justicia, donde los tres magistrados correspondientes ratificar\u00e1n la sentencia de casi 14 a\u00f1os de prisi\u00f3n en su contra.<\/p>\n<p>Desde el Twitter de L\u00f3pez fue compartida una foto del momento en que ingres\u00f3 a la audiencia.<\/p>\n<p>Antonieta Mendoza de L\u00f3pez, madre del dirigente, asumi\u00f3 la vocer\u00eda del caso, debido a que Juan Carlos Guti\u00e9rrez, abogado defensor, se encuentra dentro del Palacio de Justicia.<\/p>\n<p>Mendoza indic\u00f3 a los medios de comunicaci\u00f3n que, despu\u00e9s de la audiencia, ejercer\u00e1n acciones dentro de 15 d\u00edas para continuar exigiendo la libertad de su hijo.<\/p>\n<p>Indic\u00f3 que deben elaborar el recurso de casaci\u00f3n (para anular el fallo) como \u00faltima instancia en el sistema judicial nacional.<\/p>\n","protected":false},"excerpt":{"rendered":"<p>CARACAS.- El l\u00edder pol\u00edtico Leopoldo L\u00f3pez asisti\u00f3 este jueves a la audiencia de la Corte de Apelaciones del Tribunal Supremo de Justicia, donde los tres magistrados correspondientes ratificar\u00e1n la sentencia de casi 14 a\u00f1os de prisi\u00f3n en su contra. Desde el Twitter de L\u00f3pez fue compartida una foto del momento en que ingres\u00f3 a la [&hellip;]<\/p>\n","protected":false},"author":13240,"featured_media":55715,"comment_status":"open","ping_status":"open","sticky":false,"template":"","format":"standard","meta":{"footnotes":""},"categories":[40,43,48],"tags":[],"class_list":["post-55711","post","type-post","status-publish","format-standard","has-post-thumbnail","hentry","category-internacionales","category-politica","category-venezuela"],"_links":{"self":[{"href":"https:\/\/2horizontes.com\/index.php?rest_route=\/wp\/v2\/posts\/55711","targetHints":{"allow":["GET"]}}],"collection":[{"href":"https:\/\/2horizontes.com\/index.php?rest_route=\/wp\/v2\/posts"}],"about":[{"href":"https:\/\/2horizontes.com\/index.php?rest_route=\/wp\/v2\/types\/post"}],"author":[{"embeddable":true,"href":"https:\/\/2horizontes.com\/index.php?rest_route=\/wp\/v2\/users\/13240"}],"replies":[{"embeddable":true,"href":"https:\/\/2horizontes.com\/index.php?rest_route=%2Fwp%2Fv2%2Fcomments&post=55711"}],"version-history":[{"count":2,"href":"https:\/\/2horizontes.com\/index.php?rest_route=\/wp\/v2\/posts\/55711\/revisions"}],"predecessor-version":[{"id":55717,"href":"https:\/\/2horizontes.com\/index.php?rest_route=\/wp\/v2\/posts\/55711\/revisions\/55717"}],"wp:featuredmedia":[{"embeddable":true,"href":"https:\/\/2horizontes.com\/index.php?rest_route=\/wp\/v2\/media\/55715"}],"wp:attachment":[{"href":"https:\/\/2horizontes.com\/index.php?rest_route=%2Fwp%2Fv2%2Fmedia&parent=55711"}],"wp:term":[{"taxonomy":"category","embeddable":true,"href":"https:\/\/2horizontes.com\/index.php?rest_route=%2Fwp%2Fv2%2Fcategories&post=55711"},{"taxonomy":"post_tag","embeddable":true,"href":"https:\/\/2horizontes.com\/index.php?rest_route=%2Fwp%2Fv2%2Ftags&post=55711"}],"curies":[{"name":"wp","href":"https:\/\/api.w.org\/{rel}","templated":true}]}}