{"id":55469,"date":"2016-08-12T15:22:53","date_gmt":"2016-08-12T14:22:53","guid":{"rendered":"http:\/\/2horizontes.com\/?p=55469"},"modified":"2016-08-12T15:22:53","modified_gmt":"2016-08-12T14:22:53","slug":"vuelve-el-tapiz-floral-a-la-grand-place-de-bruselas","status":"publish","type":"post","link":"https:\/\/2horizontes.com\/?p=55469","title":{"rendered":"Vuelve el tapiz floral a la Grand Place de Bruselas"},"content":{"rendered":"<p>Jap\u00f3n llega a la Grand Place de Bruselas para protagonizar la vig\u00e9sima edici\u00f3n del tapiz de flores, que conmemora el 150 aniversario de las relaciones diplom\u00e1ticas entre B\u00e9lgica y el pa\u00eds asi\u00e1tico, y por primera vez cuenta con la participaci\u00f3n en su montaje de alfombristas espa\u00f1oles.<\/p>\n<p>En torno a 600.000 begonias, dalias, hierbas y cortezas de madera tintadas se extienden desde hoy hasta el pr\u00f3ximo 15 de agosto en un espacio de 75 metros de largo por 24 de ancho para configurar un dise\u00f1o de 1.800 metros cuadrados inspirado en las representaciones japonesas de la naturaleza.<\/p>\n<p>\u201cSe trata de un concepto de dise\u00f1o tradicional para hablar sobre la naturaleza a partir de cuatro elementos o &#8216;Kanji&#8217; como son las flores, los p\u00e1jaros, el viento y la luna\u201d, explic\u00f3 la dise\u00f1adora de la alfombra, la japonesa Fujie Suzuki.<\/p>\n<p>En efecto, un ave que vuela frente a la luna domina el centro de la alfombra floral, en cuya creaci\u00f3n tambi\u00e9n ha participado el artista gr\u00e1fico belga Mark Schautteet y que se puede contemplar en su totalidad desde el balc\u00f3n del Ayuntamiento de Bruselas si se abonan cinco euros.<\/p>\n<p>Adem\u00e1s, durante la noche de hoy tendr\u00e1 lugar la inauguraci\u00f3n oficial del tapiz con un espect\u00e1culo de luz y sonido acompa\u00f1ado de la opera italiana Madame Butterfly, del compositor italiano Giacomo Puccini.<\/p>\n<p>Junto con la labor de dise\u00f1o, tambi\u00e9n resulta fundamental el propio montaje de la alfombra, en el que han intervenido 140 voluntarios belgas, japoneses y catalanes, pues se trata del primer a\u00f1o en que se ha permitido la participaci\u00f3n de alfombristas extranjeros.<\/p>\n","protected":false},"excerpt":{"rendered":"<p>Jap\u00f3n llega a la Grand Place de Bruselas para protagonizar la vig\u00e9sima edici\u00f3n del tapiz de flores, que conmemora el 150 aniversario de las relaciones diplom\u00e1ticas entre B\u00e9lgica y el pa\u00eds asi\u00e1tico, y por primera vez cuenta con la participaci\u00f3n en su montaje de alfombristas espa\u00f1oles. En torno a 600.000 begonias, dalias, hierbas y cortezas [&hellip;]<\/p>\n","protected":false},"author":13240,"featured_media":55470,"comment_status":"open","ping_status":"open","sticky":false,"template":"","format":"standard","meta":{"footnotes":""},"categories":[86,40],"tags":[],"class_list":["post-55469","post","type-post","status-publish","format-standard","has-post-thumbnail","hentry","category-europa","category-internacionales"],"_links":{"self":[{"href":"https:\/\/2horizontes.com\/index.php?rest_route=\/wp\/v2\/posts\/55469","targetHints":{"allow":["GET"]}}],"collection":[{"href":"https:\/\/2horizontes.com\/index.php?rest_route=\/wp\/v2\/posts"}],"about":[{"href":"https:\/\/2horizontes.com\/index.php?rest_route=\/wp\/v2\/types\/post"}],"author":[{"embeddable":true,"href":"https:\/\/2horizontes.com\/index.php?rest_route=\/wp\/v2\/users\/13240"}],"replies":[{"embeddable":true,"href":"https:\/\/2horizontes.com\/index.php?rest_route=%2Fwp%2Fv2%2Fcomments&post=55469"}],"version-history":[{"count":1,"href":"https:\/\/2horizontes.com\/index.php?rest_route=\/wp\/v2\/posts\/55469\/revisions"}],"predecessor-version":[{"id":55475,"href":"https:\/\/2horizontes.com\/index.php?rest_route=\/wp\/v2\/posts\/55469\/revisions\/55475"}],"wp:featuredmedia":[{"embeddable":true,"href":"https:\/\/2horizontes.com\/index.php?rest_route=\/wp\/v2\/media\/55470"}],"wp:attachment":[{"href":"https:\/\/2horizontes.com\/index.php?rest_route=%2Fwp%2Fv2%2Fmedia&parent=55469"}],"wp:term":[{"taxonomy":"category","embeddable":true,"href":"https:\/\/2horizontes.com\/index.php?rest_route=%2Fwp%2Fv2%2Fcategories&post=55469"},{"taxonomy":"post_tag","embeddable":true,"href":"https:\/\/2horizontes.com\/index.php?rest_route=%2Fwp%2Fv2%2Ftags&post=55469"}],"curies":[{"name":"wp","href":"https:\/\/api.w.org\/{rel}","templated":true}]}}