{"id":55446,"date":"2016-08-12T14:20:04","date_gmt":"2016-08-12T13:20:04","guid":{"rendered":"http:\/\/2horizontes.com\/?p=55446"},"modified":"2016-08-12T14:20:04","modified_gmt":"2016-08-12T13:20:04","slug":"siete-menores-tutelados-por-la-generalitat-fueron-victimas-de-la-red-de-pornografia-infantil","status":"publish","type":"post","link":"https:\/\/2horizontes.com\/?p=55446","title":{"rendered":"Siete menores tutelados por la Generalitat fueron v\u00edctimas de la red de pornograf\u00eda infantil"},"content":{"rendered":"<p>La Direcci\u00f3 General d\u2019Atenci\u00f3 a la Inf\u00e0ncia i Adolesc\u00e8ncia (DGAIA) ha dado explicaciones sobre la actuaci\u00f3n del departamento en relaci\u00f3n con la red de pedofilia desarticulada esta semana que explot\u00f3 sexualmente a 80 menores, 26 de ellos residentes en Catalunya. En este sentido ha concretado que son siete los ni\u00f1os tutelados por la Generalitat que mantuvieron contacto con la organizaci\u00f3n criminal.<\/p>\n<p>El secretario del departamento de Afers Socials i Fam\u00edlies de la Generalitat, Francesc Iglesies, y el director general de la DGAIA, Ricard Calvo, han detallado que dos de los ni\u00f1os protegidos que se han visto afectados resid\u00edan en un centro de acogida y los cinco restantes, en un centro residencial de acci\u00f3n educativa. La mayor\u00eda de estos menores, cinco, todav\u00eda contin\u00faan viviendo bajo el paraguas de la DGAIA.<\/p>\n<p>Los ni\u00f1os tutelados por la Generalitat v\u00edctimas de la trama \u201chab\u00edan tenido muy poco contacto\u201d con la red de pornograf\u00eda infantil, seg\u00fan Iglesies. Tambi\u00e9n ha detallado que dos de los menores ya hab\u00edan tenido relaciones con los pederastas antes de entrar en el sistema p\u00fablico de protecci\u00f3n a la infancia y la adolescencia.<\/p>\n<p>Respecto a si ha podido fallar el protocolo de protecci\u00f3n a estos menores, los dos responsables de la Generalitat han salido en defensa de la actuaci\u00f3n de la Administraci\u00f3n en este asunto argumentado que tan pronto como se tuvo conocimiento de la existencia de esta red, en marzo de 2015, la DGAIA lo puso en conocimiento de las fuerzas de seguridad. \u201cLos ni\u00f1os del sistema de protecci\u00f3n no viven todo el d\u00eda encerrados, hacen las mismas actividades que cualquier otro ni\u00f1o\u201d, han declarado.<\/p>\n<p>Adem\u00e1s, han recordado que las v\u00edctimas eran \u201cadolescentes vulnerables\u201d procedentes de familias desestructuradas y en algunos casos bajo tutela, \u201cpotenciales v\u00edctimas\u201d de una red criminal muy especializada y con m\u00e1s de 14 a\u00f1os de trayectoria. La consellera de Treball i Afers Socials, Dolors Bassa, comparecer\u00e1 en septiembre en el Parlament para dar explicaciones sobre este caso, tal como solicitaron ayer los principales grupos de la oposici\u00f3n. La consellera ha asegurado que la red de pedofilia se ha podido destapar \u201cpor el buen trabajo hecho de los trabajadores de la DGAIA\u201d y ha pedido \u201cno hacer demagogia en este caso y evitar el morbo\u201d.<\/p>\n","protected":false},"excerpt":{"rendered":"<p>La Direcci\u00f3 General d\u2019Atenci\u00f3 a la Inf\u00e0ncia i Adolesc\u00e8ncia (DGAIA) ha dado explicaciones sobre la actuaci\u00f3n del departamento en relaci\u00f3n con la red de pedofilia desarticulada esta semana que explot\u00f3 sexualmente a 80 menores, 26 de ellos residentes en Catalunya. En este sentido ha concretado que son siete los ni\u00f1os tutelados por la Generalitat que [&hellip;]<\/p>\n","protected":false},"author":3,"featured_media":55447,"comment_status":"open","ping_status":"open","sticky":false,"template":"","format":"standard","meta":{"footnotes":""},"categories":[85],"tags":[],"class_list":["post-55446","post","type-post","status-publish","format-standard","has-post-thumbnail","hentry","category-espana"],"_links":{"self":[{"href":"https:\/\/2horizontes.com\/index.php?rest_route=\/wp\/v2\/posts\/55446","targetHints":{"allow":["GET"]}}],"collection":[{"href":"https:\/\/2horizontes.com\/index.php?rest_route=\/wp\/v2\/posts"}],"about":[{"href":"https:\/\/2horizontes.com\/index.php?rest_route=\/wp\/v2\/types\/post"}],"author":[{"embeddable":true,"href":"https:\/\/2horizontes.com\/index.php?rest_route=\/wp\/v2\/users\/3"}],"replies":[{"embeddable":true,"href":"https:\/\/2horizontes.com\/index.php?rest_route=%2Fwp%2Fv2%2Fcomments&post=55446"}],"version-history":[{"count":1,"href":"https:\/\/2horizontes.com\/index.php?rest_route=\/wp\/v2\/posts\/55446\/revisions"}],"predecessor-version":[{"id":55448,"href":"https:\/\/2horizontes.com\/index.php?rest_route=\/wp\/v2\/posts\/55446\/revisions\/55448"}],"wp:featuredmedia":[{"embeddable":true,"href":"https:\/\/2horizontes.com\/index.php?rest_route=\/wp\/v2\/media\/55447"}],"wp:attachment":[{"href":"https:\/\/2horizontes.com\/index.php?rest_route=%2Fwp%2Fv2%2Fmedia&parent=55446"}],"wp:term":[{"taxonomy":"category","embeddable":true,"href":"https:\/\/2horizontes.com\/index.php?rest_route=%2Fwp%2Fv2%2Fcategories&post=55446"},{"taxonomy":"post_tag","embeddable":true,"href":"https:\/\/2horizontes.com\/index.php?rest_route=%2Fwp%2Fv2%2Ftags&post=55446"}],"curies":[{"name":"wp","href":"https:\/\/api.w.org\/{rel}","templated":true}]}}