{"id":55437,"date":"2016-08-12T13:16:37","date_gmt":"2016-08-12T12:16:37","guid":{"rendered":"http:\/\/2horizontes.com\/?p=55437"},"modified":"2016-08-12T13:16:37","modified_gmt":"2016-08-12T12:16:37","slug":"la-oea-insta-a-haiti-a-cumplir-el-calendario-electoral-previsto","status":"publish","type":"post","link":"https:\/\/2horizontes.com\/?p=55437","title":{"rendered":"La OEA insta a Hait\u00ed a cumplir el calendario electoral previsto"},"content":{"rendered":"<div id=\"ArticleAuthorDiv\" class=\"article-body-author\"><b>Washington<\/b><\/div>\n<div id=\"ArticleSourceDiv\" class=\"article-body-author\"><b>EFE<\/b><\/div>\n<div id=\"ArticleBody\">\n<p>Los 34 pa\u00edses miembros de la Organizaci\u00f3n de Estados Americanos (OEA) aprobaron hoy por unanimidad una declaraci\u00f3n en la que instan a Hait\u00ed a cumplir con el calendario electoral previsto en ese pa\u00eds.<\/p>\n<p>El texto pide a \u00abtodos los actores pol\u00edticos y sociales\u00bb del pa\u00eds caribe\u00f1o \u00abasumir plenamente sus responsabilidades y tomar las medidas necesarias para concluir el proceso electoral mediante la celebraci\u00f3n de elecciones libres, justas y transparentes el 9 de octubre de 2016 y, de ser necesario, una segunda ronda el 8 de enero de 2017\u00bb.<\/p>\n<p>Adem\u00e1s, exhorta a las autoridades constitucionales de Hait\u00ed a que \u00abtomen las decisiones necesarias para preservar la institucionalidad democr\u00e1tica a fin de realizar elecciones generales en las fechas establecidas\u00bb.<\/p>\n<p>El tercer y \u00faltimo punto del texto indica que, \u00aben consonancia con la Carta Democr\u00e1tica Interamericana y a solicitud de las autoridades de Hait\u00ed, el Consejo Permanente se mantendr\u00e1 al tanto de la situaci\u00f3n a fin de fortalecer las instituciones y procesos electorales en dicho pa\u00eds\u00bb.<\/p>\n<p>El embajador argentino ante la OEA, Juan Jos\u00e9 Arcuri, explic\u00f3 que el texto lo present\u00f3 originalmente Hait\u00ed con el apoyo de los pa\u00edses del Caricom (Comunidad del Caribe).<\/p>\n<p>Esta es la cuarta declaraci\u00f3n que aprueba la OEA sobre Hait\u00ed desde 2014 para pedir elecciones libres y di\u00e1logo, \u00abcon otro elemento com\u00fan\u00bb: la falta de resultados\u00bb, record\u00f3 Arcuri.<\/p>\n<p>La delegaci\u00f3n de Brasil lament\u00f3, por su parte, que el texto \u00abno tenga una menci\u00f3n m\u00e1s expl\u00edcita a la indefinici\u00f3n institucional que enfrenta el pa\u00eds\u00bb.<\/p>\n<p>Por su parte, el embajador de Hait\u00ed, Jean-Victor Harvel Jean-Baptiste, agradeci\u00f3 el apoyo de las naciones de la regi\u00f3n y advirti\u00f3 de que \u00abmuchos pa\u00edses miembros de la OEA reciben informaci\u00f3n que deforma la realidad\u00bb.<\/p>\n<p>\u00abEs una intoxicaci\u00f3n de la opini\u00f3n p\u00fablica. La \u00fanica agenda del Gobierno actual es celebrar las elecciones\u00bb, afirm\u00f3, sin concretar m\u00e1s.<\/p>\n<p>En junio pasado, el Consejo Electoral Provisional (CEP) de Hait\u00ed invalid\u00f3 las elecciones presidenciales celebradas el a\u00f1o anterior y convoc\u00f3 nuevos comicios.<\/p>\n<p>De acuerdo con el nuevo calendario electoral, el pr\u00f3ximo 9 de octubre se celebrar\u00e1 la primera vuelta, y, en caso de ser necesario, el 8 de enero de 2017, la segunda.<\/p>\n<p>De esta manera, el CEP acogi\u00f3 las recomendaciones del informe de la Comisi\u00f3n de Verificaci\u00f3n sobre los resultados de la primera vuelta de las elecciones presidenciales en Hait\u00ed, de anular los comicios y organizar un nuevo proceso electoral al haber detectado casos de fraude.<\/p>\n<p>Hait\u00ed celebr\u00f3 el 25 de octubre de 2015 la primera vuelta de las elecciones para elegir presidente, la totalidad de la C\u00e1mara de Diputados y una parte del Senado, as\u00ed como a gran parte de los Gobiernos municipales.<\/p>\n<p>Sin embargo, la segunda vuelta de los comicios fue aplazada tres veces y Michel Martelly finaliz\u00f3 en febrero pasado su mandato constitucional de cinco a\u00f1os sin entregar el poder a un sucesor leg\u00edtimo, accediendo al cargo Jocelerme Privert, presidente del Senado, tras un acuerdo pol\u00edtico.<\/p>\n<\/div>\n","protected":false},"excerpt":{"rendered":"<p>Washington EFE Los 34 pa\u00edses miembros de la Organizaci\u00f3n de Estados Americanos (OEA) aprobaron hoy por unanimidad una declaraci\u00f3n en la que instan a Hait\u00ed a cumplir con el calendario electoral previsto en ese pa\u00eds. El texto pide a \u00abtodos los actores pol\u00edticos y sociales\u00bb del pa\u00eds caribe\u00f1o \u00abasumir plenamente sus responsabilidades y tomar las [&hellip;]<\/p>\n","protected":false},"author":7,"featured_media":55438,"comment_status":"open","ping_status":"open","sticky":false,"template":"","format":"standard","meta":{"footnotes":""},"categories":[47,40,43],"tags":[],"class_list":["post-55437","post","type-post","status-publish","format-standard","has-post-thumbnail","hentry","category-haiti","category-internacionales","category-politica"],"_links":{"self":[{"href":"https:\/\/2horizontes.com\/index.php?rest_route=\/wp\/v2\/posts\/55437","targetHints":{"allow":["GET"]}}],"collection":[{"href":"https:\/\/2horizontes.com\/index.php?rest_route=\/wp\/v2\/posts"}],"about":[{"href":"https:\/\/2horizontes.com\/index.php?rest_route=\/wp\/v2\/types\/post"}],"author":[{"embeddable":true,"href":"https:\/\/2horizontes.com\/index.php?rest_route=\/wp\/v2\/users\/7"}],"replies":[{"embeddable":true,"href":"https:\/\/2horizontes.com\/index.php?rest_route=%2Fwp%2Fv2%2Fcomments&post=55437"}],"version-history":[{"count":1,"href":"https:\/\/2horizontes.com\/index.php?rest_route=\/wp\/v2\/posts\/55437\/revisions"}],"predecessor-version":[{"id":55439,"href":"https:\/\/2horizontes.com\/index.php?rest_route=\/wp\/v2\/posts\/55437\/revisions\/55439"}],"wp:featuredmedia":[{"embeddable":true,"href":"https:\/\/2horizontes.com\/index.php?rest_route=\/wp\/v2\/media\/55438"}],"wp:attachment":[{"href":"https:\/\/2horizontes.com\/index.php?rest_route=%2Fwp%2Fv2%2Fmedia&parent=55437"}],"wp:term":[{"taxonomy":"category","embeddable":true,"href":"https:\/\/2horizontes.com\/index.php?rest_route=%2Fwp%2Fv2%2Fcategories&post=55437"},{"taxonomy":"post_tag","embeddable":true,"href":"https:\/\/2horizontes.com\/index.php?rest_route=%2Fwp%2Fv2%2Ftags&post=55437"}],"curies":[{"name":"wp","href":"https:\/\/api.w.org\/{rel}","templated":true}]}}