{"id":55401,"date":"2016-08-11T16:29:43","date_gmt":"2016-08-11T15:29:43","guid":{"rendered":"http:\/\/2horizontes.com\/?p=55401"},"modified":"2016-08-11T16:29:43","modified_gmt":"2016-08-11T15:29:43","slug":"derek-jeter-publicara-un-libro-de-muhammad-ali-por-su-editorial","status":"publish","type":"post","link":"https:\/\/2horizontes.com\/?p=55401","title":{"rendered":"DEREK JETER PUBLICAR\u00c1 UN LIBRO DE MUHAMMAD ALI POR SU EDITORIAL"},"content":{"rendered":"<p><strong><\/strong>NUEVA YORK. Un enorme atleta ayudar\u00e1 a homenajear al \u201cM\u00e1s Grande\u201d.<\/p>\n<div class=\"text\">\n<p>El sello editorial de Derek Jeter se presta a lanzar \u201cMuhammad Ali Unfiltered\u201d (\u201dMuhammad Ali sin filtro\u201d), que incluye fotograf\u00edas tanto famosas como desconocidas del fallecido ex campe\u00f3n de peso completo y gigante de la cultura, con \u201ctextos seleccionados\u201d por Ali, y la apolog\u00eda de Lonnie Ali por su esposo. El libro est\u00e1 programado para salir en octubre, seg\u00fan un anuncio conjunto entregado el jueves a The Associated Press por Muhammad Ali Enterprises y Jeter Publishing.<\/p>\n<p>El libro de Ali \u201csin filtro\u201d es el segundo en una serie de trabajos ilustrados planeados acerca de figuras p\u00fablicas prominentes. El primero, \u201cJeter Unfiltered\u201d, sali\u00f3 en 2014, el mismo a\u00f1o que se retir\u00f3 de los Yanquis de Nueva York. En 2013, el ex pelotero lanz\u00f3 su sello editorial en sociedad con Simon &amp; Schuster.<\/p>\n<p>En un comunicado emitido el jueves, Lonnie Ali cit\u00f3 la \u201crelaci\u00f3n de su familia con Derek\u201d y su \u201cconfianza en c\u00f3mo Jeter Publishing supervisa el contenido\u201d. Jeter a\u00f1adi\u00f3 en un comunicado que \u201ccuando se nos acerc\u00f3 la empresa de Ali con la idea de este libro, sab\u00eda que encajaba perfecto para Jeter Publishing\u201d.<\/p>\n<p>\u201cEl valor inquebrantable de Muhammad, convicci\u00f3n y perseverancia seguir\u00e1n viviendo en aquellos a quienes impact\u00f3\u201d, afirm\u00f3.<\/p>\n<\/div>\n","protected":false},"excerpt":{"rendered":"<p>NUEVA YORK. Un enorme atleta ayudar\u00e1 a homenajear al \u201cM\u00e1s Grande\u201d. El sello editorial de Derek Jeter se presta a lanzar \u201cMuhammad Ali Unfiltered\u201d (\u201dMuhammad Ali sin filtro\u201d), que incluye fotograf\u00edas tanto famosas como desconocidas del fallecido ex campe\u00f3n de peso completo y gigante de la cultura, con \u201ctextos seleccionados\u201d por Ali, y la apolog\u00eda [&hellip;]<\/p>\n","protected":false},"author":13240,"featured_media":55402,"comment_status":"open","ping_status":"open","sticky":false,"template":"","format":"standard","meta":{"footnotes":""},"categories":[42,40,84],"tags":[],"class_list":["post-55401","post","type-post","status-publish","format-standard","has-post-thumbnail","hentry","category-deportes","category-internacionales","category-otras-noticias"],"_links":{"self":[{"href":"https:\/\/2horizontes.com\/index.php?rest_route=\/wp\/v2\/posts\/55401","targetHints":{"allow":["GET"]}}],"collection":[{"href":"https:\/\/2horizontes.com\/index.php?rest_route=\/wp\/v2\/posts"}],"about":[{"href":"https:\/\/2horizontes.com\/index.php?rest_route=\/wp\/v2\/types\/post"}],"author":[{"embeddable":true,"href":"https:\/\/2horizontes.com\/index.php?rest_route=\/wp\/v2\/users\/13240"}],"replies":[{"embeddable":true,"href":"https:\/\/2horizontes.com\/index.php?rest_route=%2Fwp%2Fv2%2Fcomments&post=55401"}],"version-history":[{"count":1,"href":"https:\/\/2horizontes.com\/index.php?rest_route=\/wp\/v2\/posts\/55401\/revisions"}],"predecessor-version":[{"id":55403,"href":"https:\/\/2horizontes.com\/index.php?rest_route=\/wp\/v2\/posts\/55401\/revisions\/55403"}],"wp:featuredmedia":[{"embeddable":true,"href":"https:\/\/2horizontes.com\/index.php?rest_route=\/wp\/v2\/media\/55402"}],"wp:attachment":[{"href":"https:\/\/2horizontes.com\/index.php?rest_route=%2Fwp%2Fv2%2Fmedia&parent=55401"}],"wp:term":[{"taxonomy":"category","embeddable":true,"href":"https:\/\/2horizontes.com\/index.php?rest_route=%2Fwp%2Fv2%2Fcategories&post=55401"},{"taxonomy":"post_tag","embeddable":true,"href":"https:\/\/2horizontes.com\/index.php?rest_route=%2Fwp%2Fv2%2Ftags&post=55401"}],"curies":[{"name":"wp","href":"https:\/\/api.w.org\/{rel}","templated":true}]}}