{"id":55393,"date":"2016-08-11T16:21:20","date_gmt":"2016-08-11T15:21:20","guid":{"rendered":"http:\/\/2horizontes.com\/?p=55393"},"modified":"2016-08-11T16:21:20","modified_gmt":"2016-08-11T15:21:20","slug":"el-villarreal-sin-cuerpo-tecnico-ante-eliminatorio-de-la-champions","status":"publish","type":"post","link":"https:\/\/2horizontes.com\/?p=55393","title":{"rendered":"El Villarreal sin cuerpo t\u00e9cnico ante eliminatorio de la Champions"},"content":{"rendered":"<div class=\"detalle-texto\">\n<div class=\"text\">\n<p>VILLARREAL, Espa\u00f1a. El entrenador del Villarreal, Marcelino Garc\u00eda Toral, abandon\u00f3 el club d\u00edas antes del partido de ida de la ronda previa de la Liga de Campeones contra el M\u00f3naco franc\u00e9s.<\/p>\n<p>En un comunicado en su p\u00e1gina web, el club espa\u00f1ol dijo que Marcelino y su equipo abandonaron el Villarreal, pero no explic\u00f3 el motivo.<\/p>\n<p>El club espera anunciar el nombre de su sustituto, definitivo o temporal, el jueves.<\/p>\n<p>Marcelino lleg\u00f3 al Villarreal en 2013, cuando jugaba en segunda divisi\u00f3n. Bajo su mando, el club, que en su d\u00eda disput\u00f3 las semifinales de Champions, regres\u00f3 a la m\u00e1xima categor\u00eda del futbol espa\u00f1ol y termin\u00f3 entre los seis primeros tres temporadas consecutivas. El curso pasado lleg\u00f3 a semifinales de la Liga Europa.<\/p>\n<p>Este a\u00f1o disputar\u00e1 la ronda previa de la Liga de Campeones tras terminar cuarto en la Liga.<\/p>\n<p>El Villarreal recibe al M\u00f3naco el mi\u00e9rcoles en la ida. La vuelta, y por tanto la plaza para la fase de grupos de la Liga de Campeones, se disputar\u00e1 seis d\u00edas m\u00e1s tarde.<\/p>\n<\/div>\n<\/div>\n","protected":false},"excerpt":{"rendered":"<p>VILLARREAL, Espa\u00f1a. El entrenador del Villarreal, Marcelino Garc\u00eda Toral, abandon\u00f3 el club d\u00edas antes del partido de ida de la ronda previa de la Liga de Campeones contra el M\u00f3naco franc\u00e9s. En un comunicado en su p\u00e1gina web, el club espa\u00f1ol dijo que Marcelino y su equipo abandonaron el Villarreal, pero no explic\u00f3 el motivo. [&hellip;]<\/p>\n","protected":false},"author":13240,"featured_media":55397,"comment_status":"open","ping_status":"open","sticky":false,"template":"","format":"standard","meta":{"footnotes":""},"categories":[42,86,40],"tags":[],"class_list":["post-55393","post","type-post","status-publish","format-standard","has-post-thumbnail","hentry","category-deportes","category-europa","category-internacionales"],"_links":{"self":[{"href":"https:\/\/2horizontes.com\/index.php?rest_route=\/wp\/v2\/posts\/55393","targetHints":{"allow":["GET"]}}],"collection":[{"href":"https:\/\/2horizontes.com\/index.php?rest_route=\/wp\/v2\/posts"}],"about":[{"href":"https:\/\/2horizontes.com\/index.php?rest_route=\/wp\/v2\/types\/post"}],"author":[{"embeddable":true,"href":"https:\/\/2horizontes.com\/index.php?rest_route=\/wp\/v2\/users\/13240"}],"replies":[{"embeddable":true,"href":"https:\/\/2horizontes.com\/index.php?rest_route=%2Fwp%2Fv2%2Fcomments&post=55393"}],"version-history":[{"count":1,"href":"https:\/\/2horizontes.com\/index.php?rest_route=\/wp\/v2\/posts\/55393\/revisions"}],"predecessor-version":[{"id":55398,"href":"https:\/\/2horizontes.com\/index.php?rest_route=\/wp\/v2\/posts\/55393\/revisions\/55398"}],"wp:featuredmedia":[{"embeddable":true,"href":"https:\/\/2horizontes.com\/index.php?rest_route=\/wp\/v2\/media\/55397"}],"wp:attachment":[{"href":"https:\/\/2horizontes.com\/index.php?rest_route=%2Fwp%2Fv2%2Fmedia&parent=55393"}],"wp:term":[{"taxonomy":"category","embeddable":true,"href":"https:\/\/2horizontes.com\/index.php?rest_route=%2Fwp%2Fv2%2Fcategories&post=55393"},{"taxonomy":"post_tag","embeddable":true,"href":"https:\/\/2horizontes.com\/index.php?rest_route=%2Fwp%2Fv2%2Ftags&post=55393"}],"curies":[{"name":"wp","href":"https:\/\/api.w.org\/{rel}","templated":true}]}}