{"id":55347,"date":"2016-08-10T18:17:31","date_gmt":"2016-08-10T17:17:31","guid":{"rendered":"http:\/\/2horizontes.com\/?p=55347"},"modified":"2016-08-10T18:17:31","modified_gmt":"2016-08-10T17:17:31","slug":"piscina-olimpica-en-rio-se-vuelve-verde","status":"publish","type":"post","link":"https:\/\/2horizontes.com\/?p=55347","title":{"rendered":"Piscina ol\u00edmpica en R\u00edo se vuelve verde"},"content":{"rendered":"<p>Brasil<\/p>\n<p><strong>(CNN) &#8211;<\/strong> Durante la ceremonia inaugural, los organizadores de los Ol\u00edmpicos de R\u00edo hablaron de un ambiente verde.<\/p>\n<p>No\u00a0estaban hablando de las piscinas en el Parque\u00a0Acu\u00e1tico Maria Lenk.<\/p>\n<div class=\"ym-wrapper\"><\/div>\n<p><span id=\"more-310540\"><\/span>Pero el martes el agua en la piscina en donde compitieron las deportistas\u00a0de la competencia femenina de clavado sincronizado en plataforma de 10 metros \u2014llamada oficialmente el pozo de clavados\u2014 estaba de color verde oscuro.<\/p>\n<p>El agua hab\u00eda sido azul el lunes y no hay explicaci\u00f3n de por qu\u00e9 cambi\u00f3 de color.<\/p>\n<p>Pero era segura, dijeron los organizadores.<\/p>\n<p>\u00abLa calidad del agua en el Parque\u00a0Acu\u00e1tico Maria Lenk fue probada y no hay riesgos para los atletas. Estamos investigando la causa\u00bb, dijeron las autoridades.<\/p>\n<p>La piscina adyacente en el centro acu\u00e1tico, en donde se disputaba waterpolo, parec\u00eda normal.<\/p>\n<p>David Boudia, un clavadista estadounidense que gan\u00f3 plata el lunes, tuite\u00f3 una pulla, al preguntarse si se estaba celebrando el D\u00eda de San Patricio.<\/p>\n<p>El agua en la piscina no molest\u00f3 a los chinos Chen Ruolin y\u00a0Liu Huixia, quienes f\u00e1cilmente ganaron el oro.<\/p>\n<div class=\"embed-twitter\">\n<div class=\"SandboxRoot env-bp-350\">\n<div id=\"twitter-widget-0\" class=\"EmbeddedTweet EmbeddedTweet--mediaForward media-forward js-clickToOpenTarget js-tweetIdInfo\" lang=\"es\">\n<article class=\"MediaCard\n           MediaCard--mediaForward\n\n           customisable-border\" dir=\"ltr\"><\/p>\n<div class=\"MediaCard-media\"><a class=\"MediaCard-borderOverlay\" title=\"Ver imagen en Twitter\" href=\"http:\/\/twitter.com\/davidboudia\/status\/763102117137682432\/photo\/1\"><span class=\"u-hiddenVisually\">Ver imagen en Twitter<\/span><\/a><\/p>\n<div class=\"MediaCard-widthConstraint js-cspForcedStyle\">\n<div class=\"MediaCard-mediaContainer js-cspForcedStyle\"><a class=\"MediaCard-mediaAsset\n                    NaturalImage\n\" href=\"http:\/\/twitter.com\/davidboudia\/status\/763102117137682432\/photo\/1\"><img loading=\"lazy\" decoding=\"async\" class=\"NaturalImage-image\" title=\"Ver imagen en Twitter\" src=\"https:\/\/pbs.twimg.com\/media\/CpcVTeYXgAU1wrL.jpg\" alt=\"Ver imagen en Twitter\" width=\"675\" height=\"1200\" \/><\/a><\/div>\n<\/div>\n<\/div>\n<\/article>\n<div class=\"EmbeddedTweet-tweet\">\n<blockquote class=\"Tweet h-entry js-tweetIdInfo subject expanded \n<p>                    is-deciderHtmlWhitespace\" cite=\"https:\/\/twitter.com\/davidboudia\/status\/763102117137682432\"><\/p>\n<div class=\"Tweet-header u-cf\">\n<div class=\"Tweet-brand u-floatRight\">\n<div class=\"Icon Icon--twitter \" title=\"\"><\/div>\n<p><span class=\"u-hiddenInNarrowEnv\"><a class=\"FollowButton follow-button profile\" title=\"Seguir a David Boudia en Twitter\" href=\"https:\/\/twitter.com\/davidboudia\">Seguir<\/a><\/span><\/div>\n<div class=\"TweetAuthor\"><a class=\"TweetAuthor-link Identity u-linkBlend\" href=\"https:\/\/twitter.com\/davidboudia\"><span class=\"TweetAuthor-avatar Identity-avatar\"><img decoding=\"async\" class=\"Avatar\" src=\"https:\/\/pbs.twimg.com\/profile_images\/472565922423914496\/PQ9NmNlB_normal.jpeg\" alt=\"\" \/><\/span><span class=\"TweetAuthor-name Identity-name customisable-highlight\" title=\"David Boudia\">David Boudia<\/span> <\/a><\/p>\n<div class=\"Icon Icon--verified \" title=\"Cuenta verificada\"><\/div>\n<p><a class=\"TweetAuthor-link Identity u-linkBlend\" href=\"https:\/\/twitter.com\/davidboudia\"><span class=\"TweetAuthor-verifiedBadge\"><b class=\"u-hiddenVisually\">\u2714<\/b><\/span><span class=\"TweetAuthor-screenName Identity-screenName\" dir=\"ltr\" title=\"@davidboudia\">@davidboudia<\/span><\/a><\/div>\n<\/div>\n<div class=\"Tweet-body e-entry-content\">\n<p class=\"Tweet-text e-entry-title\" dir=\"ltr\" lang=\"en\">Wait is someone playing a joke or are we celebrating St Patty&#8217;s Day early here in Rio? <a class=\"PrettyLink hashtag customisable\" href=\"https:\/\/twitter.com\/hashtag\/divingpond?src=hash\" rel=\"tag\"><span class=\"PrettyLink-prefix\">#<\/span><span class=\"PrettyLink-value\">divingpond<\/span><\/a> <a class=\"PrettyLink hashtag customisable\" href=\"https:\/\/twitter.com\/hashtag\/Olympics?src=hash\" rel=\"tag\"><span class=\"PrettyLink-prefix\">#<\/span><span class=\"PrettyLink-value\">Olympics<\/span><\/a><\/p>\n<div class=\"Tweet-metadata dateline\"><a class=\"u-linkBlend u-url customisable-highlight long-permalink\" href=\"https:\/\/twitter.com\/davidboudia\/status\/763102117137682432\">21:58 &#8211; 9 ago 2016<\/a><\/div>\n<ul class=\"Tweet-actions\">\n<li class=\"Tweet-action\">\n<div class=\"Icon Icon--reply TweetAction-icon\" title=\"Responder\"><\/div>\n<\/li>\n<li class=\"Tweet-action\">\n<div class=\"Icon Icon--retweet TweetAction-icon\" title=\"Retwittear\"><\/div>\n<p><a class=\"TweetAction TweetAction--retweet web-intent\" href=\"https:\/\/twitter.com\/intent\/retweet?tweet_id=763102117137682432\"><span class=\"TweetAction-stat\">1.054<\/span><span class=\"u-hiddenVisually\">1.054 Retweets<\/span><\/a><\/li>\n<li class=\"Tweet-action\">\n<div class=\"Icon Icon--heart TweetAction-icon\" title=\"Me gusta\"><\/div>\n<p><a class=\"TweetAction TweetAction--heart web-intent\" href=\"https:\/\/twitter.com\/intent\/like?tweet_id=763102117137682432\"><span class=\"TweetAction-stat\">2.324<\/span><span class=\"u-hiddenVisually\">2.324 me gusta<\/span><\/a><\/li>\n<\/ul>\n<\/div>\n<\/blockquote>\n<\/div>\n<\/div>\n<div class=\"resize-sensor\"><\/div>\n<\/div>\n<\/div>\n<p>Cheong Jun Hoong y\u00a0Pamg Pandelela Rinong de Malasia\u00a0se llevaron la plata, mientras que\u00a0Meaghan Benfeito y\u00a0Roseline Filion de Canad\u00e1 obtuvieron el bronce.<\/p>\n","protected":false},"excerpt":{"rendered":"<p>Brasil (CNN) &#8211; Durante la ceremonia inaugural, los organizadores de los Ol\u00edmpicos de R\u00edo hablaron de un ambiente verde. No\u00a0estaban hablando de las piscinas en el Parque\u00a0Acu\u00e1tico Maria Lenk. Pero el martes el agua en la piscina en donde compitieron las deportistas\u00a0de la competencia femenina de clavado sincronizado en plataforma de 10 metros \u2014llamada oficialmente [&hellip;]<\/p>\n","protected":false},"author":7,"featured_media":55348,"comment_status":"open","ping_status":"open","sticky":false,"template":"","format":"standard","meta":{"footnotes":""},"categories":[42,40],"tags":[],"class_list":["post-55347","post","type-post","status-publish","format-standard","has-post-thumbnail","hentry","category-deportes","category-internacionales"],"_links":{"self":[{"href":"https:\/\/2horizontes.com\/index.php?rest_route=\/wp\/v2\/posts\/55347","targetHints":{"allow":["GET"]}}],"collection":[{"href":"https:\/\/2horizontes.com\/index.php?rest_route=\/wp\/v2\/posts"}],"about":[{"href":"https:\/\/2horizontes.com\/index.php?rest_route=\/wp\/v2\/types\/post"}],"author":[{"embeddable":true,"href":"https:\/\/2horizontes.com\/index.php?rest_route=\/wp\/v2\/users\/7"}],"replies":[{"embeddable":true,"href":"https:\/\/2horizontes.com\/index.php?rest_route=%2Fwp%2Fv2%2Fcomments&post=55347"}],"version-history":[{"count":1,"href":"https:\/\/2horizontes.com\/index.php?rest_route=\/wp\/v2\/posts\/55347\/revisions"}],"predecessor-version":[{"id":55349,"href":"https:\/\/2horizontes.com\/index.php?rest_route=\/wp\/v2\/posts\/55347\/revisions\/55349"}],"wp:featuredmedia":[{"embeddable":true,"href":"https:\/\/2horizontes.com\/index.php?rest_route=\/wp\/v2\/media\/55348"}],"wp:attachment":[{"href":"https:\/\/2horizontes.com\/index.php?rest_route=%2Fwp%2Fv2%2Fmedia&parent=55347"}],"wp:term":[{"taxonomy":"category","embeddable":true,"href":"https:\/\/2horizontes.com\/index.php?rest_route=%2Fwp%2Fv2%2Fcategories&post=55347"},{"taxonomy":"post_tag","embeddable":true,"href":"https:\/\/2horizontes.com\/index.php?rest_route=%2Fwp%2Fv2%2Ftags&post=55347"}],"curies":[{"name":"wp","href":"https:\/\/api.w.org\/{rel}","templated":true}]}}