{"id":55337,"date":"2016-08-10T17:52:00","date_gmt":"2016-08-10T16:52:00","guid":{"rendered":"http:\/\/2horizontes.com\/?p=55337"},"modified":"2016-08-10T17:52:00","modified_gmt":"2016-08-10T16:52:00","slug":"accidente-vehicular-en-peru-deja-al-menos-17-muertos-y-36-heridos","status":"publish","type":"post","link":"https:\/\/2horizontes.com\/?p=55337","title":{"rendered":"Accidente vehicular en Per\u00fa deja al menos 17 muertos y 36 heridos"},"content":{"rendered":"<p><strong>Per\u00fa<\/strong><\/p>\n<p><strong>(CNN Espa\u00f1ol) &#8211; <\/strong>Un accidente de tr\u00e1nsito ocurrido este martes en la noche en la carretera Panamericana Sur de Per\u00fa dej\u00f3 al menos 17 muertos y 36 heridos, seg\u00fan comunic\u00f3 la Superintendencia de Transporte Terrestre de Personas, Carga y Mercanc\u00edas (SUTRAN).<br \/>\n<span id=\"more-310673\"><\/span><br \/>\nEl accidente ocurri\u00f3 hacia las 11:00 p.m. hora local de este 9 de julio cuando dos buses se chocaron de frente.<\/p>\n<p>Los hechos ocasionaron el cierre de la v\u00eda donde se est\u00e1 realizando la evacuaci\u00f3n de heridos y fallecidos.<\/p>\n","protected":false},"excerpt":{"rendered":"<p>Per\u00fa (CNN Espa\u00f1ol) &#8211; Un accidente de tr\u00e1nsito ocurrido este martes en la noche en la carretera Panamericana Sur de Per\u00fa dej\u00f3 al menos 17 muertos y 36 heridos, seg\u00fan comunic\u00f3 la Superintendencia de Transporte Terrestre de Personas, Carga y Mercanc\u00edas (SUTRAN). El accidente ocurri\u00f3 hacia las 11:00 p.m. hora local de este 9 de [&hellip;]<\/p>\n","protected":false},"author":7,"featured_media":55339,"comment_status":"open","ping_status":"open","sticky":false,"template":"","format":"standard","meta":{"footnotes":""},"categories":[40],"tags":[],"class_list":["post-55337","post","type-post","status-publish","format-standard","has-post-thumbnail","hentry","category-internacionales"],"_links":{"self":[{"href":"https:\/\/2horizontes.com\/index.php?rest_route=\/wp\/v2\/posts\/55337","targetHints":{"allow":["GET"]}}],"collection":[{"href":"https:\/\/2horizontes.com\/index.php?rest_route=\/wp\/v2\/posts"}],"about":[{"href":"https:\/\/2horizontes.com\/index.php?rest_route=\/wp\/v2\/types\/post"}],"author":[{"embeddable":true,"href":"https:\/\/2horizontes.com\/index.php?rest_route=\/wp\/v2\/users\/7"}],"replies":[{"embeddable":true,"href":"https:\/\/2horizontes.com\/index.php?rest_route=%2Fwp%2Fv2%2Fcomments&post=55337"}],"version-history":[{"count":1,"href":"https:\/\/2horizontes.com\/index.php?rest_route=\/wp\/v2\/posts\/55337\/revisions"}],"predecessor-version":[{"id":55340,"href":"https:\/\/2horizontes.com\/index.php?rest_route=\/wp\/v2\/posts\/55337\/revisions\/55340"}],"wp:featuredmedia":[{"embeddable":true,"href":"https:\/\/2horizontes.com\/index.php?rest_route=\/wp\/v2\/media\/55339"}],"wp:attachment":[{"href":"https:\/\/2horizontes.com\/index.php?rest_route=%2Fwp%2Fv2%2Fmedia&parent=55337"}],"wp:term":[{"taxonomy":"category","embeddable":true,"href":"https:\/\/2horizontes.com\/index.php?rest_route=%2Fwp%2Fv2%2Fcategories&post=55337"},{"taxonomy":"post_tag","embeddable":true,"href":"https:\/\/2horizontes.com\/index.php?rest_route=%2Fwp%2Fv2%2Ftags&post=55337"}],"curies":[{"name":"wp","href":"https:\/\/api.w.org\/{rel}","templated":true}]}}