{"id":55327,"date":"2016-08-10T17:42:17","date_gmt":"2016-08-10T16:42:17","guid":{"rendered":"http:\/\/2horizontes.com\/?p=55327"},"modified":"2016-08-10T18:02:49","modified_gmt":"2016-08-10T17:02:49","slug":"tres-muertos-en-grave-incendio-que-azota-la-capital-de-madeira","status":"publish","type":"post","link":"https:\/\/2horizontes.com\/?p=55327","title":{"rendered":"Tres muertos en grave incendio que azota la capital de Madeira"},"content":{"rendered":"<div id=\"ArticleAuthorDiv\" class=\"article-body-author\"><b>EFE<\/b><\/div>\n<div id=\"ArticleSourceDiv\" class=\"article-body-author\"><b>Lisboa<\/b><\/div>\n<div id=\"ArticleBody\">\n<p>Al menos tres personas han muerto en el incendio que mantiene varios frentes abiertos en la capital de la isla de Madeira, Funchal, y que ha provocado el desalojo de un millar de afectados, confirm\u00f3 el gobierno regional del archipi\u00e9lago portugu\u00e9s.<\/p>\n<p>Otra persona permanece desaparecida tras los devastadores fuegos declarados el lunes y que durante la pasada noche avanzaron hasta el centro hist\u00f3rico de Funchal, donde numerosas viviendas han quedado calcinadas.<\/p>\n<p>Las llamas se propagaron en las \u00faltimas horas por el efecto del viento y del calor, hasta aproximarse a la hist\u00f3rica Baixa de la capital, donde los efectivos de bomberos y militares, algunos de ellos enviados de Lisboa, trabajan para frenar el avance del fuego, ayudados por los vecinos y numerosos voluntarios.<\/p>\n<p>Funchal, con unos 120.000 habitantes, es una ciudad con una orograf\u00eda muy escarpada que dificulta las labores de extinci\u00f3n y que en esta \u00e9poca del a\u00f1o acoge a miles de turistas.<\/p>\n<p>El aeropuerto de la ciudad, uno de los m\u00e1s transitados de Portugal, lleg\u00f3 a cancelar varios vuelos debido al fuerte viento que aviva las llamas y tambi\u00e9n se cortaron varias carreteras.<\/p>\n<p>Adem\u00e1s del de Madeira, la Autoridad Nacional de Protecci\u00f3n Civil (ANPC) inform\u00f3 hoy de que en Portugal continental contin\u00faan activos doce grandes incendios, todos ellos en el centro-norte del pa\u00eds.<\/p>\n<\/div>\n","protected":false},"excerpt":{"rendered":"<p>EFE Lisboa Al menos tres personas han muerto en el incendio que mantiene varios frentes abiertos en la capital de la isla de Madeira, Funchal, y que ha provocado el desalojo de un millar de afectados, confirm\u00f3 el gobierno regional del archipi\u00e9lago portugu\u00e9s. Otra persona permanece desaparecida tras los devastadores fuegos declarados el lunes y [&hellip;]<\/p>\n","protected":false},"author":7,"featured_media":55344,"comment_status":"open","ping_status":"open","sticky":false,"template":"","format":"standard","meta":{"footnotes":""},"categories":[40],"tags":[],"class_list":["post-55327","post","type-post","status-publish","format-standard","has-post-thumbnail","hentry","category-internacionales"],"_links":{"self":[{"href":"https:\/\/2horizontes.com\/index.php?rest_route=\/wp\/v2\/posts\/55327","targetHints":{"allow":["GET"]}}],"collection":[{"href":"https:\/\/2horizontes.com\/index.php?rest_route=\/wp\/v2\/posts"}],"about":[{"href":"https:\/\/2horizontes.com\/index.php?rest_route=\/wp\/v2\/types\/post"}],"author":[{"embeddable":true,"href":"https:\/\/2horizontes.com\/index.php?rest_route=\/wp\/v2\/users\/7"}],"replies":[{"embeddable":true,"href":"https:\/\/2horizontes.com\/index.php?rest_route=%2Fwp%2Fv2%2Fcomments&post=55327"}],"version-history":[{"count":1,"href":"https:\/\/2horizontes.com\/index.php?rest_route=\/wp\/v2\/posts\/55327\/revisions"}],"predecessor-version":[{"id":55336,"href":"https:\/\/2horizontes.com\/index.php?rest_route=\/wp\/v2\/posts\/55327\/revisions\/55336"}],"wp:featuredmedia":[{"embeddable":true,"href":"https:\/\/2horizontes.com\/index.php?rest_route=\/wp\/v2\/media\/55344"}],"wp:attachment":[{"href":"https:\/\/2horizontes.com\/index.php?rest_route=%2Fwp%2Fv2%2Fmedia&parent=55327"}],"wp:term":[{"taxonomy":"category","embeddable":true,"href":"https:\/\/2horizontes.com\/index.php?rest_route=%2Fwp%2Fv2%2Fcategories&post=55327"},{"taxonomy":"post_tag","embeddable":true,"href":"https:\/\/2horizontes.com\/index.php?rest_route=%2Fwp%2Fv2%2Ftags&post=55327"}],"curies":[{"name":"wp","href":"https:\/\/api.w.org\/{rel}","templated":true}]}}