{"id":55286,"date":"2016-08-10T11:44:49","date_gmt":"2016-08-10T10:44:49","guid":{"rendered":"http:\/\/2horizontes.com\/?p=55286"},"modified":"2016-08-10T11:44:49","modified_gmt":"2016-08-10T10:44:49","slug":"luis-eduardo-aute-hospitalizado-en-el-gregorio-maranon","status":"publish","type":"post","link":"https:\/\/2horizontes.com\/?p=55286","title":{"rendered":"Luis Eduardo Aute, hospitalizado en el Gregorio Mara\u00f1\u00f3n"},"content":{"rendered":"<p>El cantautor Luis Eduardo Aute se encuentra hospitalizado en el Hospital Gregorio Mara\u00f1\u00f3n de Madrid tras sufrir un infarto, seg\u00fan han informado fuentes cercanas a la familia, que tambi\u00e9n apuntan que el artista se recupera favorablemente de la operaci\u00f3n a la que ha sido sometido.<\/p>\n<p>Los allegados de Aute, nacido en Manila (Filipinas) en 1943, son optimistas aunque a\u00fan guardan mucha cautela respecto al estado de salud, del que no se har\u00e1 p\u00fablico ning\u00fan parte m\u00e9dico \u201cpor deseo expreso de la familia\u201d, seg\u00fan han expresado fuentes hospitalarias. El cantautor ha cancelado los conciertos que ten\u00eda previstos este viernes en Cadaqu\u00e9s (Girona) y el pr\u00f3ximo 30 de septiembre en A Coru\u00f1a, seg\u00fan han confirmado fuentes de la organizaci\u00f3n.<\/p>\n<p>A sus 72 a\u00f1os, el compositor, cantante, poeta y director de cine celebr\u00f3 el pasado mes de diciembre su medio siglo en el mundo de la m\u00fasica con un concierto que tuvo lugar en el Auditorio Nacional de M\u00e9xico al que acudieron unas 9.000 personas. Adem\u00e1s, en marzo vio la luz \u201cSexto animal\u201d (Espasa), la sexta entrega de las \u201cpoemigas\u201d de Aute, un libro con m\u00e1s de 250 poemas y piezas divididas por cap\u00edtulos que repasan su trayectoria desde su nacimiento, el 13 de septiembre de 1943, hasta horas antes de ese recital con el que conmemor\u00f3 sus 50 a\u00f1os en la m\u00fasica.<\/p>\n<p>\u00abDeseamos una pronta recuperaci\u00f3n al inigualable Luis Eduardo Aute\u00bb, ha escrito la SGAE en su perfil de Twitter, mensaje al que se han sumado otros tuits apoyando al cantante. \u00abLe mando un inmenso abrazo al maestro Luis Eduardo Aute deseando su pronta recuperaci\u00f3n. Su m\u00fasica nos hace mejores\u00bb, ha escrito Ismael Serrano.<\/p>\n","protected":false},"excerpt":{"rendered":"<p>El cantautor Luis Eduardo Aute se encuentra hospitalizado en el Hospital Gregorio Mara\u00f1\u00f3n de Madrid tras sufrir un infarto, seg\u00fan han informado fuentes cercanas a la familia, que tambi\u00e9n apuntan que el artista se recupera favorablemente de la operaci\u00f3n a la que ha sido sometido. Los allegados de Aute, nacido en Manila (Filipinas) en 1943, [&hellip;]<\/p>\n","protected":false},"author":3,"featured_media":55287,"comment_status":"open","ping_status":"open","sticky":false,"template":"","format":"standard","meta":{"footnotes":""},"categories":[85],"tags":[],"class_list":["post-55286","post","type-post","status-publish","format-standard","has-post-thumbnail","hentry","category-espana"],"_links":{"self":[{"href":"https:\/\/2horizontes.com\/index.php?rest_route=\/wp\/v2\/posts\/55286","targetHints":{"allow":["GET"]}}],"collection":[{"href":"https:\/\/2horizontes.com\/index.php?rest_route=\/wp\/v2\/posts"}],"about":[{"href":"https:\/\/2horizontes.com\/index.php?rest_route=\/wp\/v2\/types\/post"}],"author":[{"embeddable":true,"href":"https:\/\/2horizontes.com\/index.php?rest_route=\/wp\/v2\/users\/3"}],"replies":[{"embeddable":true,"href":"https:\/\/2horizontes.com\/index.php?rest_route=%2Fwp%2Fv2%2Fcomments&post=55286"}],"version-history":[{"count":1,"href":"https:\/\/2horizontes.com\/index.php?rest_route=\/wp\/v2\/posts\/55286\/revisions"}],"predecessor-version":[{"id":55288,"href":"https:\/\/2horizontes.com\/index.php?rest_route=\/wp\/v2\/posts\/55286\/revisions\/55288"}],"wp:featuredmedia":[{"embeddable":true,"href":"https:\/\/2horizontes.com\/index.php?rest_route=\/wp\/v2\/media\/55287"}],"wp:attachment":[{"href":"https:\/\/2horizontes.com\/index.php?rest_route=%2Fwp%2Fv2%2Fmedia&parent=55286"}],"wp:term":[{"taxonomy":"category","embeddable":true,"href":"https:\/\/2horizontes.com\/index.php?rest_route=%2Fwp%2Fv2%2Fcategories&post=55286"},{"taxonomy":"post_tag","embeddable":true,"href":"https:\/\/2horizontes.com\/index.php?rest_route=%2Fwp%2Fv2%2Ftags&post=55286"}],"curies":[{"name":"wp","href":"https:\/\/api.w.org\/{rel}","templated":true}]}}