{"id":55231,"date":"2016-08-09T15:00:48","date_gmt":"2016-08-09T14:00:48","guid":{"rendered":"http:\/\/2horizontes.com\/?p=55231"},"modified":"2016-08-09T15:00:48","modified_gmt":"2016-08-09T14:00:48","slug":"un-hombre-llama-a-asesinar-cristianos-en-un-video-grabado-en-belgica","status":"publish","type":"post","link":"https:\/\/2horizontes.com\/?p=55231","title":{"rendered":"Un hombre llama a asesinar cristianos en un v\u00eddeo grabado en B\u00e9lgica"},"content":{"rendered":"<div id=\"ArticleAuthorDiv\" class=\"article-body-author\"><b>EFE<\/b><\/div>\n<div id=\"ArticleSourceDiv\" class=\"article-body-author\"><b>Bruselas<\/b><\/div>\n<div id=\"ArticleBody\">\n<p>Un v\u00eddeo de un minuto de duraci\u00f3n grabado en el centro de la ciudad belga de Verviers, al sureste de Bruselas, muestra a un joven que pasea por la calle mientras llama a asesinar cristianos, informaron ayer los diarios del grupo \u00abSud Presse\u00bb.<\/p>\n<p>La polic\u00eda local trabaja para identificar al presunto autor del v\u00eddeo y posiblemente se trate de un adolescente conocido por su radicalizaci\u00f3n, explic\u00f3 la alcaldesa de Verviers, Muriel Targnion, en declaraciones que recoge la Agencia Belga.<\/p>\n<p>En estos momentos est\u00e1n siendo investigados dos sospechosos y, una vez identificado el autor, ser\u00e1 interrogado por la polic\u00eda, a\u00f1adi\u00f3.<\/p>\n<p>Seg\u00fan el peri\u00f3dico regional La Meuse, las pesquisas apuntan que podr\u00eda tratarse del hijo del im\u00e1n Shayh Alami, conocido por sus propuestas extremistas y sobre el que pesa una orden de expulsi\u00f3n.<\/p>\n<p>El Instituto de investigaci\u00f3n de medios de comunicaci\u00f3n en Oriente Medio (MEMRI), con sede en Washington, public\u00f3 este domingo las im\u00e1genes, grabadas de noche, en las que el individuo recita una oraci\u00f3n en \u00e1rabe.<\/p>\n<p>De acuerdo con la traducci\u00f3n proporcionada por el MEMRI y verificada por los peri\u00f3dicos de la empresa \u00abSud Presse\u00bb, el hombre pide a Al\u00e1 \u00abaniquilar a los odiosos cristianos\u00bb e insiste en \u00abmatarlos a todos\u00bb y en \u00abno perdonar la vida a uno solo\u00bb.<\/p>\n<p>Seg\u00fan MEMRI, el v\u00eddeo apareci\u00f3 el pasado 2 de agosto en una cuenta yihadista de Telegram, una aplicaci\u00f3n de mensajer\u00eda que utilizan con frecuencia los terroristas para conversar sin ser detectados.<\/p>\n<p>Tras la publicaci\u00f3n del v\u00eddeo, en el que se ve la cara del joven con claridad, Targnion calific\u00f3 los prop\u00f3sitos de la grabaci\u00f3n de \u00abinadmisibles\u00bb y asegur\u00f3 que se las toma \u00abmuy en serio\u00bb.<\/p>\n<p>\u00abDespu\u00e9s de ver este v\u00eddeo, me he puesto en contacto inmediatamente con el jefe del cuerpo de polic\u00eda de la zona y la polic\u00eda federal tambi\u00e9n ha sido advertida\u00bb, explic\u00f3 Targnion al diario \u00abLa Meuse\u00bb, del grupo \u00abSud Presse\u00bb.<\/p>\n<p>En ese sentido, la alcaldesa de Verviers a\u00f1adi\u00f3 que se adoptar\u00e1n medidas de seguridad adicionales.<\/p>\n<p>\u00abNo voy a detallar estas medidas, pero quiero recordar que no tenemos competencia en materia de terrorismo\u00bb, precis\u00f3 Targnion.<\/p>\n<p>No obstante, la primera edil destac\u00f3 que se ha reunido con la polic\u00eda para saber qu\u00e9 precauciones se pueden tomar y confirmar si el hombre ha sido identificado.<\/p>\n<p>\u00abEn vista de los comentarios, este individuo es peligroso y debe ser detenido\u00bb, concluy\u00f3 la alcaldesa.<\/p>\n<\/div>\n","protected":false},"excerpt":{"rendered":"<p>EFE Bruselas Un v\u00eddeo de un minuto de duraci\u00f3n grabado en el centro de la ciudad belga de Verviers, al sureste de Bruselas, muestra a un joven que pasea por la calle mientras llama a asesinar cristianos, informaron ayer los diarios del grupo \u00abSud Presse\u00bb. La polic\u00eda local trabaja para identificar al presunto autor del [&hellip;]<\/p>\n","protected":false},"author":7,"featured_media":55232,"comment_status":"open","ping_status":"open","sticky":false,"template":"","format":"standard","meta":{"footnotes":""},"categories":[40],"tags":[],"class_list":["post-55231","post","type-post","status-publish","format-standard","has-post-thumbnail","hentry","category-internacionales"],"_links":{"self":[{"href":"https:\/\/2horizontes.com\/index.php?rest_route=\/wp\/v2\/posts\/55231","targetHints":{"allow":["GET"]}}],"collection":[{"href":"https:\/\/2horizontes.com\/index.php?rest_route=\/wp\/v2\/posts"}],"about":[{"href":"https:\/\/2horizontes.com\/index.php?rest_route=\/wp\/v2\/types\/post"}],"author":[{"embeddable":true,"href":"https:\/\/2horizontes.com\/index.php?rest_route=\/wp\/v2\/users\/7"}],"replies":[{"embeddable":true,"href":"https:\/\/2horizontes.com\/index.php?rest_route=%2Fwp%2Fv2%2Fcomments&post=55231"}],"version-history":[{"count":1,"href":"https:\/\/2horizontes.com\/index.php?rest_route=\/wp\/v2\/posts\/55231\/revisions"}],"predecessor-version":[{"id":55233,"href":"https:\/\/2horizontes.com\/index.php?rest_route=\/wp\/v2\/posts\/55231\/revisions\/55233"}],"wp:featuredmedia":[{"embeddable":true,"href":"https:\/\/2horizontes.com\/index.php?rest_route=\/wp\/v2\/media\/55232"}],"wp:attachment":[{"href":"https:\/\/2horizontes.com\/index.php?rest_route=%2Fwp%2Fv2%2Fmedia&parent=55231"}],"wp:term":[{"taxonomy":"category","embeddable":true,"href":"https:\/\/2horizontes.com\/index.php?rest_route=%2Fwp%2Fv2%2Fcategories&post=55231"},{"taxonomy":"post_tag","embeddable":true,"href":"https:\/\/2horizontes.com\/index.php?rest_route=%2Fwp%2Fv2%2Ftags&post=55231"}],"curies":[{"name":"wp","href":"https:\/\/api.w.org\/{rel}","templated":true}]}}