{"id":55228,"date":"2016-08-09T14:56:48","date_gmt":"2016-08-09T13:56:48","guid":{"rendered":"http:\/\/2horizontes.com\/?p=55228"},"modified":"2016-08-09T14:56:48","modified_gmt":"2016-08-09T13:56:48","slug":"la-cidh-preocupada-por-1-300-migrantes-varados-en-colombia-cerca-de-panama","status":"publish","type":"post","link":"https:\/\/2horizontes.com\/?p=55228","title":{"rendered":"La CIDH preocupada por 1.300 migrantes varados en Colombia cerca de Panam\u00e1"},"content":{"rendered":"<div id=\"ArticleAuthorDiv\" class=\"article-body-author\"><b>EFE<\/b><\/div>\n<div id=\"ArticleSourceDiv\" class=\"article-body-author\"><b>Washington<\/b><\/div>\n<div id=\"ArticleBody\">\n<p>La Comisi\u00f3n Interamericana de Derechos Humanos (CIDH) expres\u00f3 ayer su \u00abprofunda preocupaci\u00f3n\u00bb ante la situaci\u00f3n de \u00abextrema vulnerabilidad\u00bb que padecen cerca de 1.300 migrantes varados en Colombia, cerca de la frontera con Panam\u00e1.<\/p>\n<p>Los migrantes se encuentran concretamente en el municipio de Turbo, cerca del Tap\u00f3n del Dari\u00e9n, en territorio colombiano, precis\u00f3 la CIDH, un \u00f3rgano aut\u00f3nomo de la Organizaci\u00f3n de Estados Americanos (OEA), en un comunicado emitido desde su sede en Washington.<\/p>\n<p>Entre esas personas hay hombres y mujeres, algunas de ellas embarazadas, as\u00ed como ni\u00f1os y ni\u00f1as (incluidos reci\u00e9n nacidos), seg\u00fan la CIDH.<\/p>\n<p>La mayor\u00eda proviene de Cuba, Hait\u00ed y pa\u00edses de \u00c1frica y Asia, y tienen como objetivo alcanzar Estados Unidos atravesando Centroam\u00e9rica y M\u00e9xico, seg\u00fan la nota.<\/p>\n<p>\u00abLa situaci\u00f3n de los migrantes varados en Turbo se ha agravado como consecuencia del cierre de la frontera y el aumento de los controles migratorios por parte de Panam\u00e1 el 9 de mayo de 2016\u00bb, subray\u00f3 la CIDH.<\/p>\n<p>La Comisi\u00f3n apunta que, de acuerdo con un censo elaborado por la Defensor\u00eda del Pueblo de Colombia para el 28 de julio de 2016, un total de 1.273 migrantes cubanos, incluidos cerca de 300 ni\u00f1os y ni\u00f1as, estaban en \u00absituaci\u00f3n de vulnerabilidad\u00bb en Turbo.<\/p>\n<p>Colombia ha promovido la salida voluntaria de migrantes y, mediante este mecanismo, m\u00e1s de 600 personas en situaci\u00f3n irregular en Turbo habr\u00edan abandonado el pa\u00eds con un salvoconducto.<\/p>\n<p>La CIDH recuerda que, antes de promover la salida voluntaria, \u00abes obligaci\u00f3n del Estado identificar migrantes que tengan necesidades especiales de protecci\u00f3n, tales como solicitantes de asilo y refugiados, personas sujetas a protecci\u00f3n complementaria, v\u00edctimas de trata, entre otros, y adoptar medidas para su protecci\u00f3n.<\/p>\n<p>Asimismo, la Comisi\u00f3n asegura poseer informaci\u00f3n que indica que, ante la falta de medios legales para migrar, \u00ablos migrantes recurren a rutas y canales clandestinos en los que se han encontrado vulnerables a abusos y extorsi\u00f3n por parte de organizaciones criminales, traficantes de migrantes, as\u00ed como algunos polic\u00edas\u00bb.<\/p>\n<p>\u00abAdicionalmente, se ha tenido conocimiento en los \u00faltimos a\u00f1os de incidentes de embarcaciones que transportan migrantes que han naufragado mientras intentaban llegar de Colombia a Panam\u00e1, resultando en muertes y desapariciones de migrantes\u00bb.<\/p>\n<p>Tambi\u00e9n tiene constancia el organismo de los \u00abpeligros de muerte y abusos\u00bb que afrontan los migrantes que hacen su recorrido a trav\u00e9s de la zona selv\u00e1tica del Tap\u00f3n del Dari\u00e9n, en la que act\u00faan grupos armados.<\/p>\n<p>Adem\u00e1s, la CIDH expresa su inquietud sobre \u00abviolaciones y actos de violencia sexual, as\u00ed como robos, golpes y extorsiones por parte de traficantes de migrantes e incluso, en algunos casos, por miembros de la Polic\u00eda\u00bb.<\/p>\n<p>Ante esas circunstancias, la Comisi\u00f3n insta al Estado colombiano a \u00abimplementar todas las medidas que sean necesarias para proteger la vida, integridad y seguridad de todos los migrantes bajo su jurisdicci\u00f3n\u00bb.<\/p>\n<p>Sobre el anuncio de Colombia de comenzar la deportaci\u00f3n de los migrantes en Turbo, la CIDH reitera que \u00ablos procedimientos migratorios, en particular los que puedan conllevar la deportaci\u00f3n de migrantes, deben analizar, fundamentar y decidirse de forma individual y respetar garant\u00edas m\u00ednimas\u00bb.<\/p>\n<p>A juicio del presidente de la CIDH, James Cavallaro, \u00abel hecho de que los migrantes recurran a canales irregulares y a traficantes de migrantes se explica por la falta e insuficiencia de canales legales y seguros para migrar\u00bb<\/p>\n<p>\u00abHacemos un llamado a los Estados de Am\u00e9rica a actuar de forma inmediata para que habiliten canales que les permitan a estas personas migrar de forma legal y segura\u00bb, agreg\u00f3 Cavallaro en el comunicado. EFE<\/p>\n<\/div>\n","protected":false},"excerpt":{"rendered":"<p>EFE Washington La Comisi\u00f3n Interamericana de Derechos Humanos (CIDH) expres\u00f3 ayer su \u00abprofunda preocupaci\u00f3n\u00bb ante la situaci\u00f3n de \u00abextrema vulnerabilidad\u00bb que padecen cerca de 1.300 migrantes varados en Colombia, cerca de la frontera con Panam\u00e1. Los migrantes se encuentran concretamente en el municipio de Turbo, cerca del Tap\u00f3n del Dari\u00e9n, en territorio colombiano, precis\u00f3 la [&hellip;]<\/p>\n","protected":false},"author":7,"featured_media":55229,"comment_status":"open","ping_status":"open","sticky":false,"template":"","format":"standard","meta":{"footnotes":""},"categories":[50,54,40],"tags":[],"class_list":["post-55228","post","type-post","status-publish","format-standard","has-post-thumbnail","hentry","category-colombia","category-emigrantes","category-internacionales"],"_links":{"self":[{"href":"https:\/\/2horizontes.com\/index.php?rest_route=\/wp\/v2\/posts\/55228","targetHints":{"allow":["GET"]}}],"collection":[{"href":"https:\/\/2horizontes.com\/index.php?rest_route=\/wp\/v2\/posts"}],"about":[{"href":"https:\/\/2horizontes.com\/index.php?rest_route=\/wp\/v2\/types\/post"}],"author":[{"embeddable":true,"href":"https:\/\/2horizontes.com\/index.php?rest_route=\/wp\/v2\/users\/7"}],"replies":[{"embeddable":true,"href":"https:\/\/2horizontes.com\/index.php?rest_route=%2Fwp%2Fv2%2Fcomments&post=55228"}],"version-history":[{"count":1,"href":"https:\/\/2horizontes.com\/index.php?rest_route=\/wp\/v2\/posts\/55228\/revisions"}],"predecessor-version":[{"id":55230,"href":"https:\/\/2horizontes.com\/index.php?rest_route=\/wp\/v2\/posts\/55228\/revisions\/55230"}],"wp:featuredmedia":[{"embeddable":true,"href":"https:\/\/2horizontes.com\/index.php?rest_route=\/wp\/v2\/media\/55229"}],"wp:attachment":[{"href":"https:\/\/2horizontes.com\/index.php?rest_route=%2Fwp%2Fv2%2Fmedia&parent=55228"}],"wp:term":[{"taxonomy":"category","embeddable":true,"href":"https:\/\/2horizontes.com\/index.php?rest_route=%2Fwp%2Fv2%2Fcategories&post=55228"},{"taxonomy":"post_tag","embeddable":true,"href":"https:\/\/2horizontes.com\/index.php?rest_route=%2Fwp%2Fv2%2Ftags&post=55228"}],"curies":[{"name":"wp","href":"https:\/\/api.w.org\/{rel}","templated":true}]}}