{"id":5521,"date":"2015-05-04T14:09:50","date_gmt":"2015-05-04T13:09:50","guid":{"rendered":"http:\/\/2horizontes.com\/?p=5521"},"modified":"2015-05-04T14:09:50","modified_gmt":"2015-05-04T13:09:50","slug":"encuentros-con-los-demonios-de-internet","status":"publish","type":"post","link":"https:\/\/2horizontes.com\/?p=5521","title":{"rendered":"Encuentros con los demonios de internet"},"content":{"rendered":"<p class=\"story-body__introduction\"><i>Hay muchos tipos de personas que han sido demonizadas en la era de las redes sociales: usuarios que se refugian en el anonimato para expresar opiniones extremas y ofensivas. Jamie Barlett, director del Centro para el an\u00e1lisis de las redes sociales, quiso hablar con la gente que est\u00e1 detr\u00e1s de esas m\u00e1scaras.<\/i><\/p>\n<p><i>As\u00ed le cuenta a la BBC su experiencia.<\/i><\/p>\n<p>Mi coraz\u00f3n lat\u00eda con fuerza mientras esperaba a que Paul llegara a la estaci\u00f3n de tren en la que acordamos encontrarnos.<\/p>\n<p>Me hab\u00eda estado comunicando con \u00e9l durante un tiempo pero s\u00f3lo a trav\u00e9s de internet.<\/p>\n<p>Paul es un neonazi virulento y agresivo que se ha pasado su vida online produciendo y compartiendo propaganda del movimiento Orgullo Blanco.<\/p>\n<p>\u00c9l es una de varias personas con las que pas\u00e9 gran parte del a\u00f1o pasado cuando estaba haciendo la investigaci\u00f3n para mi libro. Busqu\u00e9 subculturas chocantes y escondidas de la red, sumergi\u00e9ndome en mundos digitales de mercaderes de drogas, troles cibern\u00e9ticos, agresores sexuales condenados, neonazis en l\u00ednea.<\/p>\n<p>A menudo nos hablan en los medios sobre estos peligros de la vida online, pero los protagonistas de esos extra\u00f1os submundos en las que se desarrollan esas historias generalmente est\u00e1n ausentes.<\/p>\n<p>Yo quer\u00eda encontrar, conocer y entender a la gente que est\u00e1 detr\u00e1s de la pantalla. Por eso hab\u00eda ido a ver a Paul.<\/p>\n<h2 class=\"story-body__crosshead\">El extremista<\/h2>\n<figure class=\"media-landscape full-width has-caption\"><img loading=\"lazy\" decoding=\"async\" class=\"js-image-replace\" src=\"http:\/\/ichef.bbci.co.uk\/news\/ws\/624\/amz\/worldservice\/live\/assets\/images\/2015\/04\/30\/150430163851_demon_extremista_624x351_thinkstock.jpg\" alt=\"Palabra &quot;Odio&quot; en el pu\u00f1o de un hombre\" width=\"624\" height=\"351\" \/><figcaption class=\"media-caption\"><span class=\"media-caption__text\">Tenemos un estereotipo de los extremistas, pero quiz\u00e1s los que se esconden tras la pantalla son distintos.<\/span><\/figcaption><\/figure>\n<p>Lleg\u00f3 15 minutos tarde. Era un joven buenmozo, amigable y franco, y estaba entusiasmado con conocerme pues me hab\u00eda visto en televisi\u00f3n.<\/p>\n<p>Ten\u00eda tatuajes, pero de los que est\u00e1n de moda, esos que se trepan por el cuello hacia el rostro, no los que se deslizan amenazantes por gruesos brazos.<\/p>\n<p>\u00bfEra \u00e9ste realmente el iconoclasta digital que unas horas antes hab\u00eda estado atacando y aterrorizando minor\u00edas, escudado en su siniestro avatar?<\/p>\n<p>Este Paul era atento, cort\u00e9s y de risa f\u00e1cil.<\/p>\n<p>Pasamos el d\u00eda caminando y me cont\u00f3 que en 2011 no le importaba la pol\u00edtica, prefer\u00eda la rumba.<\/p>\n<p>Pero un d\u00eda, uno de sus amigos le dio \u00abme gusta\u00bb en Facebook al partido de ultraderecha <i>English Defense League<\/i> (EDL &#8211; Liga de la Defensa Inglesa). \u00c9l tambi\u00e9n le dio \u00abme gusta\u00bb y empez\u00f3 a contribuir escribiendo comentarios en esa p\u00e1gina.<\/p>\n<p>Paul tiene un agudo ingenio y es bueno con las palabras. En cuesti\u00f3n de semanas lo invitaron a convertirse en administrador de un grupo de Facebook de EDL, lo que le dio el poder de borrar los comentarios de otras personas, resolver disputas y gerenciar el grupo.<\/p>\n<p>Este trabajo usualmente se abrevia a \u00abadmin\u00bb y cada vez cobra m\u00e1s importancia en la pol\u00edtica moderna.<\/p>\n<p>Ser un admin era posiblemente el cargo m\u00e1s signifitativo que Paul hab\u00eda tenido jam\u00e1s: la gente lo escuchaba y lo respetaba, y ostentaba poder.<\/p>\n<p>Le fascinaba y pasaba la mayor parte del d\u00eda en eso. Devoraba los art\u00edculos que otros publicaban en el sitio o que \u00e9l mismo encontraba sobre el peligro que representaba el islamismo para Reino Unido.<\/p>\n<p>Empez\u00f3 a atacar a musulmanes en otras p\u00e1ginas de Facebook, y ellos le contestaron. Con la polarizaci\u00f3n y radicalizaci\u00f3n de cada parte, Paul estaba viviendo en un emocionante mundo manique\u00edsta de amigos y enemigos, bueno y malo, en el que \u00e9l era el protagonista principal.<\/p>\n<p>En cuesti\u00f3n de un par de a\u00f1os ya calificaba a Anders Breivik, el extremista que mat\u00f3 a 77 personas en Oslo en 2011, de \u00abh\u00e9roe\u00bb.<\/p>\n<p>Una noche se top\u00f3 con un grupo de partidarios de EDL, una escena inusual en la peque\u00f1a ciudad en la que vive, pero no les habl\u00f3.<\/p>\n<p>En internet, \u00e9l era un miembro respetado de las esfera nacionalista, con amigos y seguidores de todo el mundo. Pero el Paul real era un treinta\u00f1ero nervioso y desempleado que viv\u00eda solo.<\/p>\n<p>Hab\u00eda dos Paul y eso le permit\u00eda comportarse en l\u00ednea como nunca lo har\u00eda en la vida real.<\/p>\n<p>El primero en notar ese fen\u00f3meno fue el psic\u00f3logo John Suler en 2001, quien lo denomin\u00f3 \u00abefecto de desinhibici\u00f3n online\u00bb.<\/p>\n<h2 class=\"story-body__crosshead\">El trol<\/h2>\n<figure class=\"media-landscape full-width has-caption\"><img loading=\"lazy\" decoding=\"async\" class=\"js-image-replace\" src=\"http:\/\/ichef.bbci.co.uk\/news\/ws\/624\/amz\/worldservice\/live\/assets\/images\/2015\/04\/30\/150430163934_demon_trol_624x351_thinkstock.jpg\" alt=\"Encapuchado y teclado\" width=\"624\" height=\"351\" \/><figcaption class=\"media-caption\"><span class=\"media-caption__text\">Trol es un t\u00e9rmino coloquial para denominar a un \u2018alborotador o polemista que participa en foros cibern\u00e9ticos\u2019.<\/span><\/figcaption><\/figure>\n<p>Protegidos por la pantalla, no vemos, ni siquiera pensamos en las personas con las que nos estamos comunicando, y nos sentimos extra\u00f1amente liberados de las normas y reglas sociales que normalmente gobiernan nuestra conducta.<\/p>\n<p>Y quiz\u00e1s los m\u00e1s desinhibidos de todos son los troles de internet: aquellas personas a las que les produce placer ofender e insultar a extra\u00f1os vali\u00e9ndose de la web.<\/p>\n<p>Zack tiene treinta y pocos a\u00f1os. Nos encontramos en un pub e inmediatamente me pareci\u00f3 que era uno de esos autodidactas inteligentes y reflexivos que ha le\u00eddo mucho y tiene una veta de timidez natural.<\/p>\n<p>Ha estado \u00abtroleando\u00bb durante una d\u00e9cada.<\/p>\n<p>\u00abLa idea de trolear no es acosar a las personas\u00bb, asegura. \u00abSe trata de desatar situaciones, crear nuevos escenarios, sobrepasar los l\u00edmites, poner a prueba nuevas ideas, calcular cu\u00e1l es la mejor manera de provocar una reacci\u00f3n\u00bb.<\/p>\n<p>Zack le ha dedicado a\u00f1os a afinar sus t\u00e1cticas. Su t\u00e9cnica favorita es unirse al foro de un grupo que no le guste -como los de extrema derecha-, y escribir intencionalmente con errores gramaticales y ortogr\u00e1ficos b\u00e1sicos. En un ejemplo que me mostr\u00f3 hab\u00eda escrito en un popular sitio de derecha que si leyeran m\u00e1s, los derechistas dejar\u00edan de serlo.<\/p>\n<p>Luego, espera a que alguien lo insulte por no saber escribir y es entonces que los atrapa en una discusi\u00f3n pol\u00edtica brutal.<\/p>\n<p>Hay muchas especies de troles. A algunos les gusta acosar a extra\u00f1os para sentirse bien. Otros se dejan llevar por la masa y persiguen sin cesar a alguien para estar a tono con el reba\u00f1o.<\/p>\n<p>Pero para algunos, como Zack, es una mezcla de deporte, filosof\u00eda y -aunque peculiar- activismo pol\u00edtico. Zack piensa que la gente debe ser fuerte e independiente, que debe asumir la responsabilidad por sus acciones.<\/p>\n<p>Le teme a una sociedad silenciosa y obediente, en la que todos se toman muy en serio y se ofenden con facilidad. Eso lleva a la autocensura y a la muerte de la libertad de expresi\u00f3n.<\/p>\n<p>Los troles como Zack consideran que su papel es desafiar las fronteras de la insolencia para mantener a la sociedad en alerta.<\/p>\n<h2 class=\"story-body__crosshead\">El ped\u00f3filo<\/h2>\n<figure class=\"media-landscape full-width has-caption\"><img loading=\"lazy\" decoding=\"async\" class=\"js-image-replace\" src=\"http:\/\/ichef.bbci.co.uk\/news\/ws\/624\/amz\/worldservice\/live\/assets\/images\/2015\/04\/30\/150430164028_demon_menores_624x351_thinkstock.jpg\" alt=\"Chica maltratada\" width=\"624\" height=\"351\" \/><figcaption class=\"media-caption\"><span class=\"media-caption__text\">Aunque quienes se deleitan con im\u00e1genes de abuso de menores no hayan actuado en la vida real, son criminales.<\/span><\/figcaption><\/figure>\n<p>A veces, la desinhibici\u00f3n en l\u00ednea ocurre en lugares no anticipados. Michael es un cincuent\u00f3n amable pero serio, quien est\u00e1 felizmente casado y tiene una hija.<\/p>\n<p>Se describe como \u00abun comerciante exitoso y un heterosexual completamente normal\u00bb.<\/p>\n<p>Poco antes de que yo lo conociera, lo hab\u00edan condenado por poseer 3.000 im\u00e1genes ilegales de menores en su computadora, la mayor\u00eda de ni\u00f1as de entre 6 y 16 a\u00f1os de edad.<\/p>\n<p>Como muchos de los condenados por poseer im\u00e1genes ilegales de abuso de menores, Michael hab\u00eda llegado a ese mundo sin planearlo.<\/p>\n<p>Empez\u00f3 -dice- mirando pornograf\u00eda legal, con mujeres veintea\u00f1eras, pero constantemente le aparec\u00edan ofertas autom\u00e1ticas que le ofrec\u00edan ni\u00f1as de 15-18 a\u00f1os.<\/p>\n<p>En alg\u00fan momento, Michael hizo clic&#8230; y sigui\u00f3 haci\u00e9ndolo.<\/p>\n<p>A lo largo de los a\u00f1os, fue pasando a chicas de 14, luego de 13, 12, y as\u00ed.<\/p>\n<p>\u00abSucedi\u00f3 en peque\u00f1os incrementos\u00bb, me dijo, con l\u00e1grimas en sus ojos. \u00abRealmente no me acuerdo cuando pas\u00e9 de adolescentes a ni\u00f1as\u00bb.<\/p>\n<p>Michael se considera como un hombre con unos valores morales profundamente arraigados y repiti\u00f3 varias veces que nunca le har\u00eda da\u00f1o a nadie, particularmente a un ni\u00f1o.<\/p>\n<p>\u00abNo parec\u00eda real\u00bb, dijo. \u00abNo parec\u00eda que les estaban haciendo da\u00f1o. Yo me inventaba razones para justificarlo. Durante un tiempo hasta me convenc\u00ed de que lo que estaba haciendo no era ilegal\u00bb.<\/p>\n<p>Se hab\u00eda habituado tanto a las im\u00e1genes que ve\u00eda que hab\u00eda perdido su comp\u00e1s moral.<\/p>\n<p>\u00ab\u00bfPor qu\u00e9 era tan f\u00e1cil encontrarlas?\u00bb, me pregunt\u00f3. \u00abSi no hubiera sido por internet, nunca habr\u00eda siquiera pensado en nada de esto\u00bb.<\/p>\n<p>Yo le cre\u00ed. Paso a paso, es m\u00e1s f\u00e1cil de lo que uno piensa terminar en un lugar al que nunca tuvimos la intenci\u00f3n de ir.<\/p>\n<h2 class=\"story-body__crosshead\">El autor<\/h2>\n<figure class=\"media-landscape body-narrow-width has-caption\"><img loading=\"lazy\" decoding=\"async\" class=\"js-image-replace\" src=\"http:\/\/ichef.bbci.co.uk\/news\/ws\/304\/amz\/worldservice\/live\/assets\/images\/2015\/04\/30\/150430164713_demon_at_304x171_thinkstock.jpg\" alt=\"Arroba\" width=\"304\" height=\"171\" \/><figcaption class=\"media-caption\"><span class=\"media-caption__text\">No es ni mala ni buena&#8230; ni todo lo contrario.<\/span><\/figcaption><\/figure>\n<p>\u00abLa tecnolog\u00eda no es buena o mala\u00bb, es lo que dice la primera ley de tecnolog\u00eda de Kranzberg, \u00abpero tampoco es neutra\u00bb.<\/p>\n<p>Internet baja las barreras, haciendo que sea m\u00e1s f\u00e1cil satisfacer cualquier curiosidad, y decir o hacer cosas que no har\u00edamos en la vida real.<\/p>\n<p>A veces nos permite explorar deseos enterrados profundamente; otras, estimula conductas que habr\u00edan permanecido latentes. A menudo, es algo en medio.<\/p>\n<p>No estoy excusando a esta gente. Estoy consciente de cu\u00e1nta miseria causan y de que, no importa qu\u00e9 fue lo que la web facilit\u00f3, al final ellos son los responsables de sus acciones y conductas.<\/p>\n<p>Y ciertamente hay personajes mucho peores merodeando en internet que estos tres, aprovechando el anonimato para destruir la vida de otros.<\/p>\n<p>Pero no siempre son los demonios que imaginamos. Es importante entender c\u00f3mo la gente termina en d\u00f3nde est\u00e1, sin condonar lo que hicieron: eso quiz\u00e1s nos ayudar\u00e1 a limitar el da\u00f1o que hacen.<\/p>\n<p>Y no es s\u00f3lo ellos, sino tambi\u00e9n nosotros.<\/p>\n<p>El autor George Orwell escribi\u00f3 sobre su enfrentamiento con un soldado en Espa\u00f1a que estaba tratando de huir mientras trataba de sujetarse los pantalones.<\/p>\n<div class=\"idt__mundo ns_datapic_quote ns_datapic_quote--demons-orwell-mundo newsspec_infographic_template\">\n<div class=\"ns_outer_wrapper ns_outer_wrapper__align-top\">\n<div class=\"ns_inner_wrapper\">\n<div class=\"ns_quote_mark\"><\/div>\n<p class=\"ns_quote ns_quote__size--small \">Hab\u00eda ido a matar &#8216;fascistas&#8217;, pero alguien a quien se le caen los pantalones no es un &#8216;fascista&#8217;; es, a todas luces, una criatura de la misma especie, similar a uno\u00bb<\/p>\n<div class=\"ns_author \">George Orwell en \u00abRecordando la Guerra Civil Espa\u00f1ola\u00bb<\/div>\n<\/div>\n<div class=\"ns_outer_wrapper_img_src\">PA<\/div>\n<\/div>\n<\/div>\n<p>Conoc\u00ed a la mayor\u00eda de los protagonistas de mi libro primero online y luego en la vida real. Siempre me gustaron m\u00e1s cuando nos encontramos. Al eliminar el aspecto cara-a-cara de la interacci\u00f3n humana, internet deshumaniza a la gente, y nuestra imaginaci\u00f3n la convierte en monstruos exajerados, m\u00e1s aterradores porque est\u00e1n en la sombra.<\/p>\n<p>La pr\u00f3xima vez que se te cruce por el camino un demonio digital, recuerda que hay una persona detr\u00e1s del avatar, y que \u00e9l o ella probablemente no es como te lo imaginas.<\/p>\n","protected":false},"excerpt":{"rendered":"<p>Hay muchos tipos de personas que han sido demonizadas en la era de las redes sociales: usuarios que se refugian en el anonimato para expresar opiniones extremas y ofensivas. Jamie Barlett, director del Centro para el an\u00e1lisis de las redes sociales, quiso hablar con la gente que est\u00e1 detr\u00e1s de esas m\u00e1scaras. As\u00ed le cuenta [&hellip;]<\/p>\n","protected":false},"author":4,"featured_media":5522,"comment_status":"open","ping_status":"open","sticky":false,"template":"","format":"standard","meta":{"footnotes":""},"categories":[1],"tags":[],"class_list":["post-5521","post","type-post","status-publish","format-standard","has-post-thumbnail","hentry","category-entretenimiento"],"_links":{"self":[{"href":"https:\/\/2horizontes.com\/index.php?rest_route=\/wp\/v2\/posts\/5521","targetHints":{"allow":["GET"]}}],"collection":[{"href":"https:\/\/2horizontes.com\/index.php?rest_route=\/wp\/v2\/posts"}],"about":[{"href":"https:\/\/2horizontes.com\/index.php?rest_route=\/wp\/v2\/types\/post"}],"author":[{"embeddable":true,"href":"https:\/\/2horizontes.com\/index.php?rest_route=\/wp\/v2\/users\/4"}],"replies":[{"embeddable":true,"href":"https:\/\/2horizontes.com\/index.php?rest_route=%2Fwp%2Fv2%2Fcomments&post=5521"}],"version-history":[{"count":1,"href":"https:\/\/2horizontes.com\/index.php?rest_route=\/wp\/v2\/posts\/5521\/revisions"}],"predecessor-version":[{"id":5523,"href":"https:\/\/2horizontes.com\/index.php?rest_route=\/wp\/v2\/posts\/5521\/revisions\/5523"}],"wp:featuredmedia":[{"embeddable":true,"href":"https:\/\/2horizontes.com\/index.php?rest_route=\/wp\/v2\/media\/5522"}],"wp:attachment":[{"href":"https:\/\/2horizontes.com\/index.php?rest_route=%2Fwp%2Fv2%2Fmedia&parent=5521"}],"wp:term":[{"taxonomy":"category","embeddable":true,"href":"https:\/\/2horizontes.com\/index.php?rest_route=%2Fwp%2Fv2%2Fcategories&post=5521"},{"taxonomy":"post_tag","embeddable":true,"href":"https:\/\/2horizontes.com\/index.php?rest_route=%2Fwp%2Fv2%2Ftags&post=5521"}],"curies":[{"name":"wp","href":"https:\/\/api.w.org\/{rel}","templated":true}]}}