{"id":55198,"date":"2016-08-08T16:22:56","date_gmt":"2016-08-08T15:22:56","guid":{"rendered":"http:\/\/2horizontes.com\/?p=55198"},"modified":"2016-08-08T16:22:56","modified_gmt":"2016-08-08T15:22:56","slug":"por-que-el-emperador-de-japon-no-puede-abdicar-como-cualquier-otro-monarca","status":"publish","type":"post","link":"https:\/\/2horizontes.com\/?p=55198","title":{"rendered":"\u00bfPor qu\u00e9 el emperador de Jap\u00f3n no puede abdicar como cualquier otro monarca?"},"content":{"rendered":"<p class=\"story-body__introduction\">El emperador de Jap\u00f3n, Akihito, declar\u00f3 temer que su deteriorado estado de salud y su edad presentan dificultades para continuar con sus funciones.<\/p>\n<p>Los comentarios del emperador, que tiene 82 a\u00f1os, fueron hechos en una\u00a0trasmisi\u00f3n de televisi\u00f3n extraordinaria. Es \u00fanicamente la segunda vez que sus palabras han sido televisadas al p\u00fablico.<\/p>\n<p>Sin embargo, Akihito no manifest\u00f3 p\u00fablicamente su deseo de abdicar. Seg\u00fan la Constituci\u00f3n japonesa,\u00a0al emperador no le est\u00e1 permitido hacer declaraciones pol\u00edticas\u00a0y una expresi\u00f3n directa de abdicaci\u00f3n se interpretar\u00eda como tal.<\/p>\n<h2 class=\"story-body__crosshead\">Emperador moderno<\/h2>\n<p>Hist\u00f3ricamente, el emperador era visto como un semidi\u00f3s pero su rol fue redefinido a\u00a0\u00abs\u00edmbolo de la naci\u00f3n\u00bb\u00a0despu\u00e9s de que la Constituci\u00f3n la reescribieran las fuerzas aliadas tras la derrota de Jap\u00f3n en la Segunda Guerra Mundial.<\/p>\n<p>No tiene poder pol\u00edtico pero, como dijo Akihito en su discurso, ha heredado una larga tradici\u00f3n.<\/p>\n<p>Tiene varios deberes oficiales en representaci\u00f3n de la naci\u00f3n, como recibir a dignatarios extranjeros, organizar recepciones y entregar honores.<\/p>\n<p>La monarqu\u00eda japonesa est\u00e1 entrelazada con el sinto\u00edsmo, y el emperador todav\u00eda encabeza varios ritos y ceremonias religiosas.<\/p>\n<p>Pero desde que asumi\u00f3 el Trono de Crisantemo en 1989, Akihito adopt\u00f3 un\u00a0estilo m\u00e1s moderno, esforz\u00e1ndose a acercar m\u00e1s la familia imperial al pueblo.<\/p>\n<p>En 2011, \u00e9l y su esposa, la emperatriz Michiko, fueron ampliamente admirados por visitar las zonas de Jap\u00f3n afectadas por el devastador tsunami. Fue entonces que Akihito hizo su primera alocuci\u00f3n p\u00fablica en video.<\/p>\n<p>Repetidamente\u00a0expres\u00f3 remordimiento por las acciones de Jap\u00f3n durante la Segunda Guerra Mundial, una postura sobre un tema muy sensible que desafin\u00f3 con un n\u00famero creciente de pol\u00edticos revisionistas.<\/p>\n<p>Sin embargo, goza de un gran apoyo popular y miles de japoneses se congregan frente a la residencia real para manifestar sus mejores deseos a la pareja imperial.<\/p>\n<p>Akihito a sufrido varios quebrantos de salud y tuvo que ser intervenido de unc\u00e1ncer de pr\u00f3stata\u00a0en 2003 y someterse a un\u00a0bypass coronario\u00a0en 2012.<\/p>\n<p>Aunque en su alocuci\u00f3n asegur\u00f3 estar recuperado de sus cirug\u00edas y que est\u00e1 en buena salud, reconoci\u00f3 que su nivel de estado f\u00edsico necesariamente est\u00e1 declinando con la edad y \u00abme preocupa que podr\u00eda volverse dif\u00edcil para m\u00ed realizar mis deberes\u00bb.<\/p>\n<h2 class=\"story-body__crosshead\">Cambios constitucionales<\/h2>\n<p>Desde mediados de julio se rumoraba del deseo de Akihito de buscar c\u00f3mo abdicar, lo que caus\u00f3 considerable sorpresa p\u00fablica.<\/p>\n<p>La medida no tiene precedente en la historia moderna de Jap\u00f3n, pues\u00a0no existe una provisi\u00f3n legal para la abdicaci\u00f3n, seg\u00fan la ley japonesa.<\/p>\n<p>Se necesitar\u00eda un\u00a0cambio en la Constituci\u00f3n\u00a0para que un emperador renuncie a su cargo.<\/p>\n<p>Varios cambios constitucionales que afectar\u00edan la familia imperial han sido discutidos en el pasado.<\/p>\n<p>En 2006 se abri\u00f3 un debate sobre si una mujer pod\u00eda ascender al trono y, en 2011, el pr\u00edncipe Akishino, hermano menor de Akihito, pidi\u00f3 que se discutiera imponer una edad de jubilaci\u00f3n para el emperador. Ninguna de las iniciativas result\u00f3 en cambio.<\/p>\n<p>El primer ministro de Jap\u00f3n, Shinzo Abe, respondi\u00f3 minutos despu\u00e9s de la transmisi\u00f3n del mensaje pregrabado de Akihito.<\/p>\n<p>Manifest\u00f3 que\u00a0el gobierno estar\u00eda tomando en consideraci\u00f3n la edad y condici\u00f3n f\u00edsica del emperador, abordando el tema \u00abcon seriedad\u00bb.<\/p>\n<p>BBC<\/p>\n","protected":false},"excerpt":{"rendered":"<p>El emperador de Jap\u00f3n, Akihito, declar\u00f3 temer que su deteriorado estado de salud y su edad presentan dificultades para continuar con sus funciones. Los comentarios del emperador, que tiene 82 a\u00f1os, fueron hechos en una\u00a0trasmisi\u00f3n de televisi\u00f3n extraordinaria. Es \u00fanicamente la segunda vez que sus palabras han sido televisadas al p\u00fablico. Sin embargo, Akihito no [&hellip;]<\/p>\n","protected":false},"author":13240,"featured_media":55201,"comment_status":"open","ping_status":"open","sticky":false,"template":"","format":"standard","meta":{"footnotes":""},"categories":[62,40,43],"tags":[],"class_list":["post-55198","post","type-post","status-publish","format-standard","has-post-thumbnail","hentry","category-cultura","category-internacionales","category-politica"],"_links":{"self":[{"href":"https:\/\/2horizontes.com\/index.php?rest_route=\/wp\/v2\/posts\/55198","targetHints":{"allow":["GET"]}}],"collection":[{"href":"https:\/\/2horizontes.com\/index.php?rest_route=\/wp\/v2\/posts"}],"about":[{"href":"https:\/\/2horizontes.com\/index.php?rest_route=\/wp\/v2\/types\/post"}],"author":[{"embeddable":true,"href":"https:\/\/2horizontes.com\/index.php?rest_route=\/wp\/v2\/users\/13240"}],"replies":[{"embeddable":true,"href":"https:\/\/2horizontes.com\/index.php?rest_route=%2Fwp%2Fv2%2Fcomments&post=55198"}],"version-history":[{"count":1,"href":"https:\/\/2horizontes.com\/index.php?rest_route=\/wp\/v2\/posts\/55198\/revisions"}],"predecessor-version":[{"id":55202,"href":"https:\/\/2horizontes.com\/index.php?rest_route=\/wp\/v2\/posts\/55198\/revisions\/55202"}],"wp:featuredmedia":[{"embeddable":true,"href":"https:\/\/2horizontes.com\/index.php?rest_route=\/wp\/v2\/media\/55201"}],"wp:attachment":[{"href":"https:\/\/2horizontes.com\/index.php?rest_route=%2Fwp%2Fv2%2Fmedia&parent=55198"}],"wp:term":[{"taxonomy":"category","embeddable":true,"href":"https:\/\/2horizontes.com\/index.php?rest_route=%2Fwp%2Fv2%2Fcategories&post=55198"},{"taxonomy":"post_tag","embeddable":true,"href":"https:\/\/2horizontes.com\/index.php?rest_route=%2Fwp%2Fv2%2Ftags&post=55198"}],"curies":[{"name":"wp","href":"https:\/\/api.w.org\/{rel}","templated":true}]}}