{"id":55167,"date":"2016-08-08T12:53:23","date_gmt":"2016-08-08T11:53:23","guid":{"rendered":"http:\/\/2horizontes.com\/?p=55167"},"modified":"2016-08-08T12:53:23","modified_gmt":"2016-08-08T11:53:23","slug":"manifestacion-masiva-en-turquia-contra-el-golpe-de-estado","status":"publish","type":"post","link":"https:\/\/2horizontes.com\/?p=55167","title":{"rendered":"Manifestaci\u00f3n masiva en Turqu\u00eda contra el golpe de estado"},"content":{"rendered":"<div id=\"ArticleAuthorDiv\" class=\"article-body-author\"><b>AP<\/b><\/div>\n<div id=\"ArticleSourceDiv\" class=\"article-body-author\"><b>Estambul, Turqu\u00eda<\/b><\/div>\n<div id=\"ArticleBody\">\n<p>Miles de personas asistieron el domingo a una manifestaci\u00f3n masiva en Estambul con la que marcaron el final de demostraciones populares nocturnas a favor de la democracia tras el fallido golpe de Estado del 15 de julio en Turqu\u00eda, en el que murieron m\u00e1s de 270 personas.<\/p>\n<p>Los oradores hablaron desde un escenario de 60 metros (200 pies) en la costa del mar de M\u00e1rmara, en la parte europea de Estambul. El escenario estaba enmarcado por dos plataformas y envuelto con enormes banderas nacionales y pancartas que representaban al padre fundador de Turqu\u00eda, Mustafa Kemal Ataturk, y el presidente actual, Recep Tayyip Erdogan.<\/p>\n<p>Despu\u00e9s del golpe de Estado fallido, el gobierno turco alent\u00f3 a la poblaci\u00f3n a asistir a manifestaciones nocturnas contra el golpe en las 81 provincias del pa\u00eds, as\u00ed como en ciertos lugares del extranjero, como en Colonia, Alemania.<\/p>\n<p>El gran final de las manifestaciones que se celebraba el domingo en Estambul, llamado oficialmente \u00abpor la Democracia y los M\u00e1rtires\u00bb, pretende representar la unidad de Turqu\u00eda. Erdogan exhort\u00f3 a los asistentes a llevar solamente banderas turcas en lugar de banderas de partidos.<\/p>\n<p>El evento cont\u00f3 con la presencia de los dirigentes m\u00e1s altos del pa\u00eds y dos de los tres partidos de la oposici\u00f3n. El procurdo Partido Popular de la Democracia no fue invitado.<\/p>\n<\/div>\n","protected":false},"excerpt":{"rendered":"<p>AP Estambul, Turqu\u00eda Miles de personas asistieron el domingo a una manifestaci\u00f3n masiva en Estambul con la que marcaron el final de demostraciones populares nocturnas a favor de la democracia tras el fallido golpe de Estado del 15 de julio en Turqu\u00eda, en el que murieron m\u00e1s de 270 personas. Los oradores hablaron desde un [&hellip;]<\/p>\n","protected":false},"author":7,"featured_media":55168,"comment_status":"open","ping_status":"open","sticky":false,"template":"","format":"standard","meta":{"footnotes":""},"categories":[40,43],"tags":[],"class_list":["post-55167","post","type-post","status-publish","format-standard","has-post-thumbnail","hentry","category-internacionales","category-politica"],"_links":{"self":[{"href":"https:\/\/2horizontes.com\/index.php?rest_route=\/wp\/v2\/posts\/55167","targetHints":{"allow":["GET"]}}],"collection":[{"href":"https:\/\/2horizontes.com\/index.php?rest_route=\/wp\/v2\/posts"}],"about":[{"href":"https:\/\/2horizontes.com\/index.php?rest_route=\/wp\/v2\/types\/post"}],"author":[{"embeddable":true,"href":"https:\/\/2horizontes.com\/index.php?rest_route=\/wp\/v2\/users\/7"}],"replies":[{"embeddable":true,"href":"https:\/\/2horizontes.com\/index.php?rest_route=%2Fwp%2Fv2%2Fcomments&post=55167"}],"version-history":[{"count":1,"href":"https:\/\/2horizontes.com\/index.php?rest_route=\/wp\/v2\/posts\/55167\/revisions"}],"predecessor-version":[{"id":55169,"href":"https:\/\/2horizontes.com\/index.php?rest_route=\/wp\/v2\/posts\/55167\/revisions\/55169"}],"wp:featuredmedia":[{"embeddable":true,"href":"https:\/\/2horizontes.com\/index.php?rest_route=\/wp\/v2\/media\/55168"}],"wp:attachment":[{"href":"https:\/\/2horizontes.com\/index.php?rest_route=%2Fwp%2Fv2%2Fmedia&parent=55167"}],"wp:term":[{"taxonomy":"category","embeddable":true,"href":"https:\/\/2horizontes.com\/index.php?rest_route=%2Fwp%2Fv2%2Fcategories&post=55167"},{"taxonomy":"post_tag","embeddable":true,"href":"https:\/\/2horizontes.com\/index.php?rest_route=%2Fwp%2Fv2%2Ftags&post=55167"}],"curies":[{"name":"wp","href":"https:\/\/api.w.org\/{rel}","templated":true}]}}