{"id":55142,"date":"2016-08-07T11:34:43","date_gmt":"2016-08-07T10:34:43","guid":{"rendered":"http:\/\/2horizontes.com\/?p=55142"},"modified":"2016-08-07T11:34:43","modified_gmt":"2016-08-07T10:34:43","slug":"neymar-no-ganar-el-oro-seria-una-derrota","status":"publish","type":"post","link":"https:\/\/2horizontes.com\/?p=55142","title":{"rendered":"Neymar: \u00abNo ganar el oro ser\u00eda una derrota\u00bb"},"content":{"rendered":"<p>El atacante brasile\u00f1o Neymar consider\u00f3 que no ganar el oro en los Juegos de R\u00edo \u00abser\u00eda una derrota\u00bb, al tiempo que se\u00f1al\u00f3 que prefiri\u00f3 esta competici\u00f3n a la Copa Am\u00e9rica porque es la \u00fanica medalla que le falta a su pa\u00eds.<\/p>\n<p>No ganar el oro \u00abser\u00eda una derrota, sue\u00f1o con la medalla de oro, no tengo otro objetivo, ni goles ni recompensas personales. Lo \u00fanico que cuenta para mi es que el equipo gane el oro\u00bb, dijo el jugador en una entrevista que hoy publica el diario franc\u00e9s L&#8217;\u00c9quipe. El delantero del Barcelona agreg\u00f3 que cuando el conjunto azulgrana le dijo que eligiera entre los Juegos y la Copa Am\u00e9rica eligi\u00f3 lo segundo por servicio a su pa\u00eds.<\/p>\n<p>\u00abMe hubiera gustado disputar las dos, pero prefer\u00ed los Juegos porque son la \u00fanica medalla que falta aun en el palmar\u00e9s del f\u00fatbol brasile\u00f1o. En cierta forma, es una oportunidad de servir a mi pa\u00eds y estoy particularmente feliz por poder jugar los Juegos\u00bb, indic\u00f3.<\/p>\n<p>Neymar asegur\u00f3 que no siente el peso de la presi\u00f3n de ser la principal estrella del equipo que tiene la obligaci\u00f3n de ganar el oro en su propio pa\u00eds. \u00abVestir la camiseta de la selecci\u00f3n es un honor inmenso y cada vez que tenga la suerte de hacerlo dar\u00e9 lo m\u00e1ximo para estar a la altura\u201d.<\/p>\n<p>El Brasil de Neymar se qued\u00f3 a un paso de ganar la medalla de oro en Londres 2012, pero M\u00e9xico les venci\u00f3 en la final (1-2), disputada en Wembley.<\/p>\n<p>\u201cNeymar no tiene ritmo\u201d<\/p>\n<p>Por otra parte, la pobre actuaci\u00f3n de Neymar en el partido inaugural ante Sud\u00e1frica (0-0) fue el blanco de las cr\u00edticas por parte de la prensa, que vio un combinado muy desorganizado y poco efectivo de cara a puerta.<\/p>\n<p>El preparador f\u00edsico de Brasil, Marcos Seixas, al ser preguntado por la estrella del Barcelona, asegur\u00f3 que a\u00fan \u201cno tiene ritmo. Y no lo tiene porque fue su segundo partido esta temporada. Creo que los pr\u00f3ximos dos partidos ayudar\u00e1n a mejorar el rendimiento. F\u00edsicamente y t\u00e9cnicamente es un privilegiado y eso hace que se ponga r\u00e1pidamente en forma\u201d.<\/p>\n","protected":false},"excerpt":{"rendered":"<p>El atacante brasile\u00f1o Neymar consider\u00f3 que no ganar el oro en los Juegos de R\u00edo \u00abser\u00eda una derrota\u00bb, al tiempo que se\u00f1al\u00f3 que prefiri\u00f3 esta competici\u00f3n a la Copa Am\u00e9rica porque es la \u00fanica medalla que le falta a su pa\u00eds. No ganar el oro \u00abser\u00eda una derrota, sue\u00f1o con la medalla de oro, no [&hellip;]<\/p>\n","protected":false},"author":3,"featured_media":55143,"comment_status":"open","ping_status":"open","sticky":false,"template":"","format":"standard","meta":{"footnotes":""},"categories":[42],"tags":[],"class_list":["post-55142","post","type-post","status-publish","format-standard","has-post-thumbnail","hentry","category-deportes"],"_links":{"self":[{"href":"https:\/\/2horizontes.com\/index.php?rest_route=\/wp\/v2\/posts\/55142","targetHints":{"allow":["GET"]}}],"collection":[{"href":"https:\/\/2horizontes.com\/index.php?rest_route=\/wp\/v2\/posts"}],"about":[{"href":"https:\/\/2horizontes.com\/index.php?rest_route=\/wp\/v2\/types\/post"}],"author":[{"embeddable":true,"href":"https:\/\/2horizontes.com\/index.php?rest_route=\/wp\/v2\/users\/3"}],"replies":[{"embeddable":true,"href":"https:\/\/2horizontes.com\/index.php?rest_route=%2Fwp%2Fv2%2Fcomments&post=55142"}],"version-history":[{"count":1,"href":"https:\/\/2horizontes.com\/index.php?rest_route=\/wp\/v2\/posts\/55142\/revisions"}],"predecessor-version":[{"id":55144,"href":"https:\/\/2horizontes.com\/index.php?rest_route=\/wp\/v2\/posts\/55142\/revisions\/55144"}],"wp:featuredmedia":[{"embeddable":true,"href":"https:\/\/2horizontes.com\/index.php?rest_route=\/wp\/v2\/media\/55143"}],"wp:attachment":[{"href":"https:\/\/2horizontes.com\/index.php?rest_route=%2Fwp%2Fv2%2Fmedia&parent=55142"}],"wp:term":[{"taxonomy":"category","embeddable":true,"href":"https:\/\/2horizontes.com\/index.php?rest_route=%2Fwp%2Fv2%2Fcategories&post=55142"},{"taxonomy":"post_tag","embeddable":true,"href":"https:\/\/2horizontes.com\/index.php?rest_route=%2Fwp%2Fv2%2Ftags&post=55142"}],"curies":[{"name":"wp","href":"https:\/\/api.w.org\/{rel}","templated":true}]}}