{"id":55096,"date":"2016-08-05T16:44:32","date_gmt":"2016-08-05T15:44:32","guid":{"rendered":"http:\/\/2horizontes.com\/?p=55096"},"modified":"2016-08-05T16:44:32","modified_gmt":"2016-08-05T15:44:32","slug":"la-antorcha-olimpica-llego-al-sitio-mas-emblematico-de-rio-de-janeiro","status":"publish","type":"post","link":"https:\/\/2horizontes.com\/?p=55096","title":{"rendered":"La antorcha ol\u00edmpica lleg\u00f3 al sitio m\u00e1s emblem\u00e1tico de R\u00edo de Janeiro"},"content":{"rendered":"<p><strong><\/strong>RIO DE JANEIRO. La ex voleibolista ol\u00edmpica Isabel Barroso Salgado luci\u00f3 emocionada al postrarse debajo de la estatua de m\u00e1s de 38 metros (125 pies) de alto mientras sosten\u00eda la antorcha sobre su cabeza con ambos brazos extendidos.<\/p>\n<div class=\"detalle-texto\">\n<div class=\"text\">\n<p>La medallista brasile\u00f1a luego recibi\u00f3 una bendici\u00f3n ante las c\u00e1maras.<\/p>\n<p>La ic\u00f3nica maravilla del mundo es uno de los muchos sitios a los que llegar\u00e1 la antorcha en la ciudad mientras recorre R\u00edo de Janeiro luego de una larga traves\u00eda de relevos que inici\u00f3 en Grecia. Los portadores de la llama recorrieron Copacabana el viernes por la ma\u00f1ana.<\/p>\n<p>La antorcha ser\u00e1 usada para encender el pebetero el viernes en la noche durante la ceremonia de apertura en el estadio Maracan\u00e1.<\/p>\n<\/div>\n<\/div>\n","protected":false},"excerpt":{"rendered":"<p>RIO DE JANEIRO. La ex voleibolista ol\u00edmpica Isabel Barroso Salgado luci\u00f3 emocionada al postrarse debajo de la estatua de m\u00e1s de 38 metros (125 pies) de alto mientras sosten\u00eda la antorcha sobre su cabeza con ambos brazos extendidos. La medallista brasile\u00f1a luego recibi\u00f3 una bendici\u00f3n ante las c\u00e1maras. La ic\u00f3nica maravilla del mundo es uno [&hellip;]<\/p>\n","protected":false},"author":13240,"featured_media":55097,"comment_status":"open","ping_status":"open","sticky":false,"template":"","format":"standard","meta":{"footnotes":""},"categories":[42,40],"tags":[],"class_list":["post-55096","post","type-post","status-publish","format-standard","has-post-thumbnail","hentry","category-deportes","category-internacionales"],"_links":{"self":[{"href":"https:\/\/2horizontes.com\/index.php?rest_route=\/wp\/v2\/posts\/55096","targetHints":{"allow":["GET"]}}],"collection":[{"href":"https:\/\/2horizontes.com\/index.php?rest_route=\/wp\/v2\/posts"}],"about":[{"href":"https:\/\/2horizontes.com\/index.php?rest_route=\/wp\/v2\/types\/post"}],"author":[{"embeddable":true,"href":"https:\/\/2horizontes.com\/index.php?rest_route=\/wp\/v2\/users\/13240"}],"replies":[{"embeddable":true,"href":"https:\/\/2horizontes.com\/index.php?rest_route=%2Fwp%2Fv2%2Fcomments&post=55096"}],"version-history":[{"count":1,"href":"https:\/\/2horizontes.com\/index.php?rest_route=\/wp\/v2\/posts\/55096\/revisions"}],"predecessor-version":[{"id":55098,"href":"https:\/\/2horizontes.com\/index.php?rest_route=\/wp\/v2\/posts\/55096\/revisions\/55098"}],"wp:featuredmedia":[{"embeddable":true,"href":"https:\/\/2horizontes.com\/index.php?rest_route=\/wp\/v2\/media\/55097"}],"wp:attachment":[{"href":"https:\/\/2horizontes.com\/index.php?rest_route=%2Fwp%2Fv2%2Fmedia&parent=55096"}],"wp:term":[{"taxonomy":"category","embeddable":true,"href":"https:\/\/2horizontes.com\/index.php?rest_route=%2Fwp%2Fv2%2Fcategories&post=55096"},{"taxonomy":"post_tag","embeddable":true,"href":"https:\/\/2horizontes.com\/index.php?rest_route=%2Fwp%2Fv2%2Ftags&post=55096"}],"curies":[{"name":"wp","href":"https:\/\/api.w.org\/{rel}","templated":true}]}}