{"id":54989,"date":"2016-08-05T01:24:51","date_gmt":"2016-08-05T00:24:51","guid":{"rendered":"http:\/\/2horizontes.com\/?p=54989"},"modified":"2016-08-05T01:24:51","modified_gmt":"2016-08-05T00:24:51","slug":"diosdado-cabello-le-quedan-pocos-dias-a-la-asamblea-nacional","status":"publish","type":"post","link":"https:\/\/2horizontes.com\/?p=54989","title":{"rendered":"Diosdado Cabello: Le quedan pocos d\u00edas a la Asamblea Nacional"},"content":{"rendered":"<p>El diputado Diosdado Cabello coment\u00f3 que a la Asamblea Nacional \u201cle quedan pocos d\u00edas\u201d, por a su juicio \u201c estar a espaldas del pueblo\u201d y por no reconocer a los dem\u00e1s poderes p\u00fablicos.<\/p>\n<p>\u201cEn poco tiempo el pueblo la va recuperar para gobernar junto a la revoluci\u00f3n (&#8230;) Si a ellos se les ocurre tomar un arma y atentar contra la patria nos encontrar\u00e1n en la calle con fusil en mano\u201d, advirti\u00f3 Cabello desde Valencia.<\/p>\n<div>\n<p>Reiter\u00f3 que este a\u00f1o no habr\u00e1 revocatorio contra Maduro, acusando a la oposici\u00f3n de incurrir en fraude electoral durante la recolecci\u00f3n del 1% de las firmas.<\/p>\n<\/div>\n<p>\u201cLos chavistas haremos lo que tengamos que hacer para no hacer el revocatorio este a\u00f1o ni el que viene\u201d, se\u00f1al\u00f3.<\/p>\n<p>Cabell\u00f3 pidi\u00f3 a funcionarios militantes del PSUV a denunciar a los \u201cescu\u00e1lidos\u201d que trabajen en cargos de la administraci\u00f3n p\u00fablica. Opin\u00f3 que \u00abun proceso revolucionario solo se hace con verdaderos revolucionarios\u00bb.<\/p>\n<p>\u201cTodos los cargos deben estar en manos de verdaderos revolucionarios (\u2026) ante cada paso de desestabilizaci\u00f3n de la &#8216;derecha&#8217; tenemos que profundizar la revoluci\u00f3n\u201d, consider\u00f3.<\/p>\n","protected":false},"excerpt":{"rendered":"<p>El diputado Diosdado Cabello coment\u00f3 que a la Asamblea Nacional \u201cle quedan pocos d\u00edas\u201d, por a su juicio \u201c estar a espaldas del pueblo\u201d y por no reconocer a los dem\u00e1s poderes p\u00fablicos. \u201cEn poco tiempo el pueblo la va recuperar para gobernar junto a la revoluci\u00f3n (&#8230;) Si a ellos se les ocurre tomar [&hellip;]<\/p>\n","protected":false},"author":13240,"featured_media":45972,"comment_status":"open","ping_status":"open","sticky":false,"template":"","format":"standard","meta":{"footnotes":""},"categories":[40,43,48],"tags":[],"class_list":["post-54989","post","type-post","status-publish","format-standard","has-post-thumbnail","hentry","category-internacionales","category-politica","category-venezuela"],"_links":{"self":[{"href":"https:\/\/2horizontes.com\/index.php?rest_route=\/wp\/v2\/posts\/54989","targetHints":{"allow":["GET"]}}],"collection":[{"href":"https:\/\/2horizontes.com\/index.php?rest_route=\/wp\/v2\/posts"}],"about":[{"href":"https:\/\/2horizontes.com\/index.php?rest_route=\/wp\/v2\/types\/post"}],"author":[{"embeddable":true,"href":"https:\/\/2horizontes.com\/index.php?rest_route=\/wp\/v2\/users\/13240"}],"replies":[{"embeddable":true,"href":"https:\/\/2horizontes.com\/index.php?rest_route=%2Fwp%2Fv2%2Fcomments&post=54989"}],"version-history":[{"count":1,"href":"https:\/\/2horizontes.com\/index.php?rest_route=\/wp\/v2\/posts\/54989\/revisions"}],"predecessor-version":[{"id":54993,"href":"https:\/\/2horizontes.com\/index.php?rest_route=\/wp\/v2\/posts\/54989\/revisions\/54993"}],"wp:featuredmedia":[{"embeddable":true,"href":"https:\/\/2horizontes.com\/index.php?rest_route=\/wp\/v2\/media\/45972"}],"wp:attachment":[{"href":"https:\/\/2horizontes.com\/index.php?rest_route=%2Fwp%2Fv2%2Fmedia&parent=54989"}],"wp:term":[{"taxonomy":"category","embeddable":true,"href":"https:\/\/2horizontes.com\/index.php?rest_route=%2Fwp%2Fv2%2Fcategories&post=54989"},{"taxonomy":"post_tag","embeddable":true,"href":"https:\/\/2horizontes.com\/index.php?rest_route=%2Fwp%2Fv2%2Ftags&post=54989"}],"curies":[{"name":"wp","href":"https:\/\/api.w.org\/{rel}","templated":true}]}}