{"id":54975,"date":"2016-08-05T01:07:53","date_gmt":"2016-08-05T00:07:53","guid":{"rendered":"http:\/\/2horizontes.com\/?p=54975"},"modified":"2016-08-05T01:07:53","modified_gmt":"2016-08-05T00:07:53","slug":"presidente-medina-inaugura-33-escuelas-en-un-acto-conjunto-en-moca","status":"publish","type":"post","link":"https:\/\/2horizontes.com\/?p=54975","title":{"rendered":"Presidente Medina inaugura 33 escuelas en un acto conjunto en Moca"},"content":{"rendered":"<div class=\"text\">\n<p>MOCA. El presidente Danilo Medina inaugur\u00f3 desde aqu\u00ed en una ceremonia simult\u00e1nea 33 nuevos centros de estudios, que incluyen cinco polit\u00e9cnicos, 9 liceos y escuelas de los niveles inicial, b\u00e1sico y medio ubicadas en distintos puntos del pa\u00eds, que suman 693 nuevas aulas o espacios docentes y en cuya construcci\u00f3n fueron invertidos mil 704 millones 993 mil 850 pesos con 65 centavos.<\/p>\n<p>Los planteles entregados por el jefe de Estado aportar\u00e1n 693 aulas en beneficio de 21,840 estudiantes bajo la modalidad de Jornada Escolar Extendida, a partir del pr\u00f3ximo lunes 22 de este mes cuando inicie el a\u00f1o escolar 2016-2017.<\/p>\n<p>Durante un acto conjunto, celebrado en el Polit\u00e9cnico Arquides Calder\u00f3n, ubicado en los terrenos de la antigua Fortaleza 2 de Mayo, de aqu\u00ed, el mandatario entreg\u00f3 el Polit\u00e9cnico Profesor Juan Bosch, en Gaspar Hern\u00e1ndez; Centro Educativo Manuel Acevedo Cerrano Fe y Alegr\u00eda, en Cutup\u00fa, La Vega; Profesor Pedro Antonio Fr\u00edas, en Ca\u00f1o Grande, Juma, Bonao, y Juan Pablo Segundo, en Mata Mam\u00f3n, La Victoria, Santo Domingo Norte.<\/p>\n<p>Los liceos puestos en funcionamiento por el presidente Medina son Jos\u00e9 Miguel Remigio, en Jamao al Norte; Chacuey Sabana Larga, en Dajab\u00f3n; Liceo Cienfuegos 4, en Cienfuegos, Santiago; Eugenio de Jes\u00fas Marcano, en Los Polancos, Tamboril; Liceo Peralta, en Peralta; Gregorio Billini, en Villa V\u00e1squez; Pedro Nolasco Valcez, en Casta\u00f1uela; Profesor Juan Bosch, en San Francisco de Macor\u00eds, y Profesor Andr\u00e9s Medrano (Liceo Bayona 2), en Santo Domingo Oeste.<\/p>\n<p>Mientras que las escuelas de los distintos niveles de la educaci\u00f3n, est\u00e1n diseminadas en La Vega, Imbert, Puerto Plata, Santiago, Tamboril, Monci\u00f3n, Padre Las Casas, San Pedro de Macor\u00eds, El Valle, Hato Mayor, Macao, Hig\u00fcey; Mao, Nagua, San Francisco de Macor\u00eds, Boca chica, Santo Domingo Este y Los Alcarrizos.<\/p>\n<p>En tanto que las estancias infantiles entregadas son Los R\u00edos, El Almirante, Pantoja, La Barquita y San Francisco.<\/p>\n<p>Los centros, construidos a trav\u00e9s del Ministerio de Obras P\u00fablicas (MOPC) y de la Oficina de Ingenieros Supervisores de Obras del Estado (OISOE), constan de laboratorios de ciencias, de inform\u00e1tica, as\u00ed como de bibliotecas.<\/p>\n<p>Otras facilidades que brindan estos planteles a sus estudiantes y personal son los espacios administrativos, cancha deportiva, salones de orientaci\u00f3n y de profesores, enfermer\u00eda, cocina \u2013 comedor y una plaza c\u00edvica.<\/p>\n<p>Seg\u00fan lo informado por el ministro de Educaci\u00f3n, Carlos Amarante Baret, del polit\u00e9cnico de Moca saldr\u00e1n j\u00f3venes formados para asistir a la producci\u00f3n nacional.<\/p>\n<p>Dijo que all\u00ed se impartir\u00e1n carreras en la formaci\u00f3n de \u00e1reas t\u00e9cnicas vitales como los son la producci\u00f3n agr\u00edcola, procesamiento de frutas y hortalizas, mecatr\u00f3nica, instalaci\u00f3n y mantenimiento el\u00e9ctrico, dise\u00f1o y confecci\u00f3n de modas, refrigeraci\u00f3n y aire acondicionado, electr\u00f3nica industrial, mec\u00e1nica industrial, mec\u00e1nica automotriz y disel, entre otras.<\/p>\n<p>Adem\u00e1s del ministro de Educaci\u00f3n, en el acto inaugural hablaron Francisco Pag\u00e1n, director de la OISOE; Gonzalo Castillo, ministro de Obras P\u00fablica; Fl\u00e9rido Mart\u00ednez, director del distrito educativo 0606 de Moca; y Lourdes Marisol S\u00e1nchez, estudiante de cuarto de media.<\/p>\n<p>La bendici\u00f3n de la obra la dio el sacerdote Kelvin Turb\u00ed, de la parroquia Nuestra Se\u00f1ora del Rosario.<\/p>\n<p>Otras obras<\/p>\n<p>Adicionalmente a los centros educativos, la OISOE hizo entrega de ocho proyectos: carreteras y caminos vecinales en Nagua y Moca.<\/p>\n<\/div>\n","protected":false},"excerpt":{"rendered":"<p>MOCA. El presidente Danilo Medina inaugur\u00f3 desde aqu\u00ed en una ceremonia simult\u00e1nea 33 nuevos centros de estudios, que incluyen cinco polit\u00e9cnicos, 9 liceos y escuelas de los niveles inicial, b\u00e1sico y medio ubicadas en distintos puntos del pa\u00eds, que suman 693 nuevas aulas o espacios docentes y en cuya construcci\u00f3n fueron invertidos mil 704 millones [&hellip;]<\/p>\n","protected":false},"author":13240,"featured_media":54978,"comment_status":"open","ping_status":"open","sticky":false,"template":"","format":"standard","meta":{"footnotes":""},"categories":[55,44],"tags":[],"class_list":["post-54975","post","type-post","status-publish","format-standard","has-post-thumbnail","hentry","category-educacion","category-republica-dominicana"],"_links":{"self":[{"href":"https:\/\/2horizontes.com\/index.php?rest_route=\/wp\/v2\/posts\/54975","targetHints":{"allow":["GET"]}}],"collection":[{"href":"https:\/\/2horizontes.com\/index.php?rest_route=\/wp\/v2\/posts"}],"about":[{"href":"https:\/\/2horizontes.com\/index.php?rest_route=\/wp\/v2\/types\/post"}],"author":[{"embeddable":true,"href":"https:\/\/2horizontes.com\/index.php?rest_route=\/wp\/v2\/users\/13240"}],"replies":[{"embeddable":true,"href":"https:\/\/2horizontes.com\/index.php?rest_route=%2Fwp%2Fv2%2Fcomments&post=54975"}],"version-history":[{"count":1,"href":"https:\/\/2horizontes.com\/index.php?rest_route=\/wp\/v2\/posts\/54975\/revisions"}],"predecessor-version":[{"id":54979,"href":"https:\/\/2horizontes.com\/index.php?rest_route=\/wp\/v2\/posts\/54975\/revisions\/54979"}],"wp:featuredmedia":[{"embeddable":true,"href":"https:\/\/2horizontes.com\/index.php?rest_route=\/wp\/v2\/media\/54978"}],"wp:attachment":[{"href":"https:\/\/2horizontes.com\/index.php?rest_route=%2Fwp%2Fv2%2Fmedia&parent=54975"}],"wp:term":[{"taxonomy":"category","embeddable":true,"href":"https:\/\/2horizontes.com\/index.php?rest_route=%2Fwp%2Fv2%2Fcategories&post=54975"},{"taxonomy":"post_tag","embeddable":true,"href":"https:\/\/2horizontes.com\/index.php?rest_route=%2Fwp%2Fv2%2Ftags&post=54975"}],"curies":[{"name":"wp","href":"https:\/\/api.w.org\/{rel}","templated":true}]}}