{"id":54974,"date":"2016-08-05T01:02:55","date_gmt":"2016-08-05T00:02:55","guid":{"rendered":"http:\/\/2horizontes.com\/?p=54974"},"modified":"2016-08-05T01:02:55","modified_gmt":"2016-08-05T00:02:55","slug":"las-crisis-economica-y-politica-de-brasil-avanzan-ajenas-a-los-olimpicos","status":"publish","type":"post","link":"https:\/\/2horizontes.com\/?p=54974","title":{"rendered":"Las crisis econ\u00f3mica y pol\u00edtica de Brasil avanzan ajenas a los Ol\u00edmpicos"},"content":{"rendered":"<div class=\"text\">\n<p>R\u00cdO DE JANEIRO. Brasil llega a los Juegos Ol\u00edmpicos, que se inauguran este viernes, inmerso en una profunda crisis pol\u00edtica y econ\u00f3mica que avanza ajena a la mayor cita deportiva del mundo y que, seg\u00fan las \u00faltimas encuestas, no ha logrado encandilar a los brasile\u00f1os.<\/p>\n<p>Los primeros Juegos Ol\u00edmpicos de Sudam\u00e9rica arrancan el viernes en un momento en que Brasil cuenta con dos presidentes, el interino Michel Temer y la suspendida Dilma Rousseff, y en que enfrenta la peor recesi\u00f3n en muchas d\u00e9cadas, despu\u00e9s de que su econom\u00eda se contrajera un 3,8 % el a\u00f1o pasado.<\/p>\n<p>Y ni la concentraci\u00f3n del pa\u00eds en la cita mundial impidi\u00f3 que la crisis pol\u00edtica diera un nuevo paso este jueves con una decisi\u00f3n que dej\u00f3 a Rousseff al borde de su definitiva destituci\u00f3n.<\/p>\n<p>La comisi\u00f3n del Senado encargada del juicio preliminar contra la presidenta suspendida aprob\u00f3 hoy, por 14 votos a favor y 5 contra, un informe que acusa a Rousseff de haber \u201catentado contra la Constituci\u00f3n\u201d por su responsabilidad en diversas irregularidades en la gesti\u00f3n de los presupuestos.<\/p>\n<p>El mismo informe ser\u00e1 sometido ahora al pleno del Senado en dos votaciones, la primera prevista para el pr\u00f3ximo martes y la segunda para finales de agosto.<\/p>\n<p>En la segunda y definitiva votaci\u00f3n, Rousseff ser\u00eda despojada del cargo en caso de que as\u00ed lo decida una mayor\u00eda calificada de 54 votos, que representan dos tercios de la C\u00e1mara Alta.<\/p>\n<p>En ese caso Temer, que asumi\u00f3 interinamente el 12 de mayo y a quien la mandataria acusa de haber orquestado \u201cun golpe\u201d, ser\u00e1 confirmado en el cargo y completar\u00e1 el mandato que vence el 1 de enero de 2019.<\/p>\n<p>La presidenta suspendida a\u00fan conserva el apoyo de menguados movimientos sociales, que han convocado a protestas en R\u00edo de Janeiro para este viernes, poco antes de que los Juegos Ol\u00edmpicos sean declarados abiertos por Temer.<\/p>\n<p>La mandataria suspendida tambi\u00e9n rechaz\u00f3 la invitaci\u00f3n que recibi\u00f3 para participar en la ceremonia inaugural de los Juegos Ol\u00edmpicos por considerar que, tras haber sido protagonista en la organizaci\u00f3n del evento, no pod\u00eda tener un papel secundario ahora.<\/p>\n<p>Lo mismo aleg\u00f3 su padrino pol\u00edtico y antecesor, Luiz In\u00e1cio Lula da Silva, el presidente de Brasil que convenci\u00f3 en 2009 a los miembros del COI a concederle los Juegos Ol\u00edmpicos a R\u00edo.<\/p>\n<p>Los grupos que han convocado las protestas quieren manifestar su rechazo a Temer, a quien prometen abuchear en el Maracan\u00e1.<\/p>\n<p>Los mismos movimientos expresan abiertamente su rechazo a los Juegos y argumentan que R\u00edo de Janeiro, golpeada fuertemente por la crisis econ\u00f3mica, vive una \u201ccalamidad ol\u00edmpica\u201d por causa de su empe\u00f1o en \u201cobras absurdas\u201d para los Juegos, un \u201ccaos\u201d en la educaci\u00f3n y salud p\u00fablica y la \u201cespeculaci\u00f3n inmobiliaria\u201d desatada por el evento deportivo, que ha perjudicado \u201ca los m\u00e1s pobres\u201d.<\/p>\n<\/div>\n","protected":false},"excerpt":{"rendered":"<p>R\u00cdO DE JANEIRO. Brasil llega a los Juegos Ol\u00edmpicos, que se inauguran este viernes, inmerso en una profunda crisis pol\u00edtica y econ\u00f3mica que avanza ajena a la mayor cita deportiva del mundo y que, seg\u00fan las \u00faltimas encuestas, no ha logrado encandilar a los brasile\u00f1os. Los primeros Juegos Ol\u00edmpicos de Sudam\u00e9rica arrancan el viernes en [&hellip;]<\/p>\n","protected":false},"author":13240,"featured_media":47365,"comment_status":"open","ping_status":"open","sticky":false,"template":"","format":"standard","meta":{"footnotes":""},"categories":[42,40,43],"tags":[],"class_list":["post-54974","post","type-post","status-publish","format-standard","has-post-thumbnail","hentry","category-deportes","category-internacionales","category-politica"],"_links":{"self":[{"href":"https:\/\/2horizontes.com\/index.php?rest_route=\/wp\/v2\/posts\/54974","targetHints":{"allow":["GET"]}}],"collection":[{"href":"https:\/\/2horizontes.com\/index.php?rest_route=\/wp\/v2\/posts"}],"about":[{"href":"https:\/\/2horizontes.com\/index.php?rest_route=\/wp\/v2\/types\/post"}],"author":[{"embeddable":true,"href":"https:\/\/2horizontes.com\/index.php?rest_route=\/wp\/v2\/users\/13240"}],"replies":[{"embeddable":true,"href":"https:\/\/2horizontes.com\/index.php?rest_route=%2Fwp%2Fv2%2Fcomments&post=54974"}],"version-history":[{"count":1,"href":"https:\/\/2horizontes.com\/index.php?rest_route=\/wp\/v2\/posts\/54974\/revisions"}],"predecessor-version":[{"id":54977,"href":"https:\/\/2horizontes.com\/index.php?rest_route=\/wp\/v2\/posts\/54974\/revisions\/54977"}],"wp:featuredmedia":[{"embeddable":true,"href":"https:\/\/2horizontes.com\/index.php?rest_route=\/wp\/v2\/media\/47365"}],"wp:attachment":[{"href":"https:\/\/2horizontes.com\/index.php?rest_route=%2Fwp%2Fv2%2Fmedia&parent=54974"}],"wp:term":[{"taxonomy":"category","embeddable":true,"href":"https:\/\/2horizontes.com\/index.php?rest_route=%2Fwp%2Fv2%2Fcategories&post=54974"},{"taxonomy":"post_tag","embeddable":true,"href":"https:\/\/2horizontes.com\/index.php?rest_route=%2Fwp%2Fv2%2Ftags&post=54974"}],"curies":[{"name":"wp","href":"https:\/\/api.w.org\/{rel}","templated":true}]}}