{"id":54955,"date":"2016-08-04T13:57:55","date_gmt":"2016-08-04T12:57:55","guid":{"rendered":"http:\/\/2horizontes.com\/?p=54955"},"modified":"2016-08-04T13:57:55","modified_gmt":"2016-08-04T12:57:55","slug":"panama-haitianos-dicen-son-africanos","status":"publish","type":"post","link":"https:\/\/2horizontes.com\/?p=54955","title":{"rendered":"Panam\u00e1: Haitianos dicen son africanos"},"content":{"rendered":"<div id=\"ArticleAuthorDiv\" class=\"article-body-author\"><b>EFE<\/b><\/div>\n<div id=\"ArticleSourceDiv\" class=\"article-body-author\"><b>Panam\u00e1<\/b><\/div>\n<div id=\"ArticleBody\">\n<p>El Gobierno de Panam\u00e1 dijo ayer que ha detectado en sus fronteras a caribe\u00f1os, especialmente haitianos, haci\u00e9ndose pasar por africanos, en medio de la crisis migratoria que afecta a Centroam\u00e9rica con miles de indocumentados que intentan llegar a Estados Unidos.<\/p>\n<p>El presidente paname\u00f1o, Juan Carlos Varela, reconoci\u00f3 este martes que pese al \u201cbloqueo a la inmigraci\u00f3n irregular\u201d decretado por su Gobierno en mayo pasado, \u201cs\u00ed ha aumentado la cantidad de ciudadanos\u201d que logran ingresar al pa\u00eds por distintas rutas y \u201cque se identifican como del Congo, pero todo indica que muchos podr\u00edan venir de Hait\u00ed\u201d.<\/p>\n<p>\u201cPareciera que aparte de algunas nacionalidades que s\u00ed son extracontinentales todo indica que tambi\u00e9n hay personas del Caribe, de Hait\u00ed, que de una forma u otra quieren hacer ver que son de otras nacionalidades, de \u00c1frica, y no es as\u00ed\u201d, declar\u00f3 Varela a periodistas.<\/p>\n<p>Ante la situaci\u00f3n, las autoridades paname\u00f1as est\u00e1n haciendo el \u201ctrabajo de inteligencia\u201d, tomando \u201chuellas dactilares a todos\u201d los migrantes para \u201cverificar su identidad\u201d, dijo el presidente.<\/p>\n<p>Sobre la posibilidad de deportaciones masivas, Varela se\u00f1al\u00f3 que esa es una medida que tendr\u00e1 que evaluarse, \u201cporque muchos est\u00e1n viajando sin documentos\u201d.<\/p>\n<p>\u201cLo m\u00e1s importante es la parte de los derechos humanos\u201d, destac\u00f3 el jefe del Estado paname\u00f1o, y recalc\u00f3 que los migrantes para llegar a Panam\u00e1 \u201cest\u00e1n usando \u00e1reas\u201d de la provincia selv\u00e1tica del Dari\u00e9n, fronteriza con Colombia, \u201cque no est\u00e1n adecuadas para ning\u00fan tipo de tr\u00e1nsito\u201d.<\/p>\n<p>Asever\u00f3 que su Gobierno \u201cest\u00e1 identificando alg\u00fan \u00e1rea de Dari\u00e9n para poder darle la atenci\u00f3n que se merecen.<\/p>\n<p><strong>CIERRE DE LA FRONTERA\u00a0CON COLOMBIA<\/strong><br \/>\nEl presidente Juan Carlos Varela anunci\u00f3 el pasado 9 de mayo el cierre de la frontera con Colombia como medida para frenar la llegada al pa\u00eds de migrantes cubanos y extracontinentales que se dirigen a EE.UU. Miles de cubanos en tr\u00e1nsito hacia Estados Unidos quedaron varados entre finales de 2015 y el primer trimestre de este a\u00f1o en Panam\u00e1 y Costa Rica, que lograron evacuarlos mediante un operativo especial que cont\u00f3 con el apoyo de M\u00e9xico. El cuello de botella se produjo a ra\u00edz de la decisi\u00f3n de Nicaragua, en noviembre de 2015, de cerrar su frontera.<\/p>\n<\/div>\n","protected":false},"excerpt":{"rendered":"<p>EFE Panam\u00e1 El Gobierno de Panam\u00e1 dijo ayer que ha detectado en sus fronteras a caribe\u00f1os, especialmente haitianos, haci\u00e9ndose pasar por africanos, en medio de la crisis migratoria que afecta a Centroam\u00e9rica con miles de indocumentados que intentan llegar a Estados Unidos. El presidente paname\u00f1o, Juan Carlos Varela, reconoci\u00f3 este martes que pese al \u201cbloqueo [&hellip;]<\/p>\n","protected":false},"author":7,"featured_media":54956,"comment_status":"open","ping_status":"open","sticky":false,"template":"","format":"standard","meta":{"footnotes":""},"categories":[54,47,40],"tags":[],"class_list":["post-54955","post","type-post","status-publish","format-standard","has-post-thumbnail","hentry","category-emigrantes","category-haiti","category-internacionales"],"_links":{"self":[{"href":"https:\/\/2horizontes.com\/index.php?rest_route=\/wp\/v2\/posts\/54955","targetHints":{"allow":["GET"]}}],"collection":[{"href":"https:\/\/2horizontes.com\/index.php?rest_route=\/wp\/v2\/posts"}],"about":[{"href":"https:\/\/2horizontes.com\/index.php?rest_route=\/wp\/v2\/types\/post"}],"author":[{"embeddable":true,"href":"https:\/\/2horizontes.com\/index.php?rest_route=\/wp\/v2\/users\/7"}],"replies":[{"embeddable":true,"href":"https:\/\/2horizontes.com\/index.php?rest_route=%2Fwp%2Fv2%2Fcomments&post=54955"}],"version-history":[{"count":1,"href":"https:\/\/2horizontes.com\/index.php?rest_route=\/wp\/v2\/posts\/54955\/revisions"}],"predecessor-version":[{"id":54957,"href":"https:\/\/2horizontes.com\/index.php?rest_route=\/wp\/v2\/posts\/54955\/revisions\/54957"}],"wp:featuredmedia":[{"embeddable":true,"href":"https:\/\/2horizontes.com\/index.php?rest_route=\/wp\/v2\/media\/54956"}],"wp:attachment":[{"href":"https:\/\/2horizontes.com\/index.php?rest_route=%2Fwp%2Fv2%2Fmedia&parent=54955"}],"wp:term":[{"taxonomy":"category","embeddable":true,"href":"https:\/\/2horizontes.com\/index.php?rest_route=%2Fwp%2Fv2%2Fcategories&post=54955"},{"taxonomy":"post_tag","embeddable":true,"href":"https:\/\/2horizontes.com\/index.php?rest_route=%2Fwp%2Fv2%2Ftags&post=54955"}],"curies":[{"name":"wp","href":"https:\/\/api.w.org\/{rel}","templated":true}]}}