{"id":54949,"date":"2016-08-04T13:51:38","date_gmt":"2016-08-04T12:51:38","guid":{"rendered":"http:\/\/2horizontes.com\/?p=54949"},"modified":"2016-08-04T13:51:38","modified_gmt":"2016-08-04T12:51:38","slug":"defensoria-de-colombia-pide-plan-de-contingencia-por-deportacion-de-cubanos","status":"publish","type":"post","link":"https:\/\/2horizontes.com\/?p=54949","title":{"rendered":"Defensor\u00eda de Colombia pide plan de contingencia por deportaci\u00f3n de cubanos"},"content":{"rendered":"<div id=\"ArticleAuthorDiv\" class=\"article-body-author\"><b>EFE<\/b><\/div>\n<div id=\"ArticleSourceDiv\" class=\"article-body-author\"><b>Bogot\u00e1<\/b><\/div>\n<div id=\"ArticleBody\">\n<p>La Defensor\u00eda del Pueblo de Colombia pidi\u00f3 ayer a las autoridades un plan de contingencia para mitigar el impacto social de la inminente deportaci\u00f3n de miles de cubanos hacinados en la ciudad de Turbo, desde donde pretend\u00edan seguir su viaje a EE.UU, v\u00eda Panam\u00e1.<\/p>\n<p>El organismo defensor asegur\u00f3 que a la luz de los tratados internacionales vigentes y de las normas del Derecho Internacional de los Derechos Humanos, la deportaci\u00f3n anunciada por el Gobierno colombiano no puede realizarse de manera masiva.<\/p>\n<p>Sin embargo, reconoci\u00f3 la legitimidad de la medida \u00abtoda vez que tiene amparo constitucional y amparo legal\u00bb.<\/p>\n<p>Al menos 1.300 cubanos, que llegaron al pa\u00eds por v\u00eda terrestre procedentes de Ecuador, est\u00e1n represados desde hace m\u00e1s de 2 meses en Turbo, puerto caribe\u00f1o de la regi\u00f3n de Urab\u00e1, debido al cierre para indocumentados de la frontera de Colombia con Panam\u00e1, ordenado el 9 de mayo por el presidente paname\u00f1o, Juan Carlos Varela.<\/p>\n<p>El Gobierno colombiano deneg\u00f3 ayer la petici\u00f3n de los cubanos de que se les suministre un avi\u00f3n para continuar su viaje a M\u00e9xico y dijo que quienes no abandonen el pa\u00eds voluntariamente ser\u00e1n deportados.<\/p>\n<p>Fuentes de Migraci\u00f3n Colombia dijeron a Efe que ese organismo est\u00e1 evaluando la situaci\u00f3n para decidir cu\u00e1ndo comenzar\u00e1n las deportaciones por v\u00eda a\u00e9rea desde el aeropuerto de la vecina localidad de Carepa.<\/p>\n<p>El defensor del Pueblo, Alfonso Cajiao, afirm\u00f3 ayer en una rueda de prensa que ante las precarias condiciones en que tienen que convivir los migrantes durante las \u00faltimas semanas, y la evidente falta de asistencia oportuna para esta poblaci\u00f3n, \u00abresulta necesario distinguir entre quienes se han lucrado il\u00edcitamente de esta situaci\u00f3n\u00bb y quienes son v\u00edctimas de la trata de personas.<\/p>\n<p>Cajiao advirti\u00f3 que tienen conocimiento de que existen redes de tratas de migrantes y de la presencia del Clan del Golfo\u00bb en medio de ellos para utilizarlos en el transporte de drogas.<\/p>\n<p>\u00abTenemos informaci\u00f3n en ese sentido porque Turbo es un \u00e1rea de presencia del Clan del Golfo, por eso pedimos a las autoridades que hagan distinci\u00f3n entre aquellas personas que est\u00e1n desarrollando labores criminales alrededor de los migrantes con otras que simplemente han prestado su colaboraci\u00f3n humanitarias para ayudarles\u00bb, afirm\u00f3 el funcionario.<\/p>\n<p>Un censo de la Defensor\u00eda del Pueblo estableci\u00f3 que hasta el pasado 28 de julio, la cifra de cubanos ilegales en Turbo era de 1.273, correspondientes a 452 personas de sexo femenino y 821 de sexo masculino, entre las que se contaban un poco m\u00e1s de 260 menores de edad.<\/p>\n<p>Sin embargo las autoridades de la ciudad afirman que son m\u00e1s de 3.000 los cubanos en esa situaci\u00f3n.<\/p>\n<\/div>\n","protected":false},"excerpt":{"rendered":"<p>EFE Bogot\u00e1 La Defensor\u00eda del Pueblo de Colombia pidi\u00f3 ayer a las autoridades un plan de contingencia para mitigar el impacto social de la inminente deportaci\u00f3n de miles de cubanos hacinados en la ciudad de Turbo, desde donde pretend\u00edan seguir su viaje a EE.UU, v\u00eda Panam\u00e1. El organismo defensor asegur\u00f3 que a la luz de [&hellip;]<\/p>\n","protected":false},"author":7,"featured_media":54950,"comment_status":"open","ping_status":"open","sticky":false,"template":"","format":"standard","meta":{"footnotes":""},"categories":[50,54,40],"tags":[],"class_list":["post-54949","post","type-post","status-publish","format-standard","has-post-thumbnail","hentry","category-colombia","category-emigrantes","category-internacionales"],"_links":{"self":[{"href":"https:\/\/2horizontes.com\/index.php?rest_route=\/wp\/v2\/posts\/54949","targetHints":{"allow":["GET"]}}],"collection":[{"href":"https:\/\/2horizontes.com\/index.php?rest_route=\/wp\/v2\/posts"}],"about":[{"href":"https:\/\/2horizontes.com\/index.php?rest_route=\/wp\/v2\/types\/post"}],"author":[{"embeddable":true,"href":"https:\/\/2horizontes.com\/index.php?rest_route=\/wp\/v2\/users\/7"}],"replies":[{"embeddable":true,"href":"https:\/\/2horizontes.com\/index.php?rest_route=%2Fwp%2Fv2%2Fcomments&post=54949"}],"version-history":[{"count":1,"href":"https:\/\/2horizontes.com\/index.php?rest_route=\/wp\/v2\/posts\/54949\/revisions"}],"predecessor-version":[{"id":54951,"href":"https:\/\/2horizontes.com\/index.php?rest_route=\/wp\/v2\/posts\/54949\/revisions\/54951"}],"wp:featuredmedia":[{"embeddable":true,"href":"https:\/\/2horizontes.com\/index.php?rest_route=\/wp\/v2\/media\/54950"}],"wp:attachment":[{"href":"https:\/\/2horizontes.com\/index.php?rest_route=%2Fwp%2Fv2%2Fmedia&parent=54949"}],"wp:term":[{"taxonomy":"category","embeddable":true,"href":"https:\/\/2horizontes.com\/index.php?rest_route=%2Fwp%2Fv2%2Fcategories&post=54949"},{"taxonomy":"post_tag","embeddable":true,"href":"https:\/\/2horizontes.com\/index.php?rest_route=%2Fwp%2Fv2%2Ftags&post=54949"}],"curies":[{"name":"wp","href":"https:\/\/api.w.org\/{rel}","templated":true}]}}